{"id":4392,"date":"2021-02-04T10:22:57","date_gmt":"2021-02-04T10:22:57","guid":{"rendered":"http:\/\/staging.ibermusicas.org\/?p=4392"},"modified":"2021-03-02T17:12:59","modified_gmt":"2021-03-02T17:12:59","slug":"la-fundacion-danilo-perez-inicia-su-ciclo-conexion-musical-panamena-con-un-conversatorio-a-cargo-del-percusionista-eric-blanquicet","status":"publish","type":"post","link":"http:\/\/staging.ibermusicas.org\/index.php\/la-fundacion-danilo-perez-inicia-su-ciclo-conexion-musical-panamena-con-un-conversatorio-a-cargo-del-percusionista-eric-blanquicet\/","title":{"rendered":"La Fundaci\u00f3n Danilo P\u00e9rez inicia su ciclo Conexi\u00f3n Musical Paname\u00f1a con un conversatorio a cargo del percusionista Eric Blanquicet"},"content":{"rendered":"<p>La Fundaci\u00f3n Danilo P\u00e9rez es una organizaci\u00f3n sin fines de lucro que promueve tutor\u00edas, formaci\u00f3n y estimulaci\u00f3n musical para ni\u00f1os, ni\u00f1as, adolescentes y j\u00f3venes con talento para la m\u00fasica y carreras afines. Impulsan el desarrollo integral a trav\u00e9s de la ense\u00f1anza musical, sin importar condici\u00f3n socioecon\u00f3mica, con la finalidad de que los beneficiarios se conviertan en profesionales.<\/p>\n<p>El proyecto Conexi\u00f3n Musical Paname\u00f1a consiste en brindar actividades de educaci\u00f3n musical continua y gratuita en formato virtual para facilitar a estudiantes paname\u00f1os y de Iberoam\u00e9rica el acceso a saberes transmitidos por artistas y profesores de m\u00fasica nacional e internacional. Cuentan con una plataforma de m\u00e1s de 100 artistas y educadores nacionales e internacionales que apoyan los proyectos sociales y educativos de la Fundaci\u00f3n Danilo P\u00e9rez desde diversas partes del mundo.<\/p>\n<p>A lo largo de este a\u00f1o, una vez al mes, ser\u00e1n parte de esta iniciativa: Eric Blanquicet de Panam\u00e1, Karina Nu\u00f1ez de Uruguay, Ori\u00f3n Morales de Chile, Sebasti\u00e1n Garz\u00f3n de Colombia\/Panam\u00e1, Mar Fayos de Espa\u00f1a, Jos\u00e9 Soto de Costa Rica, Ariel P\u00e9rez Price de Panam\u00e1, Nikki Cambell de Panam\u00e1 y Arturo Caraza de M\u00e9xico. El \u00faltimo evento que se desarrollar\u00e1 ser\u00e1 un concierto con contenido musical paname\u00f1o para celebrar las fiestas patrias.<\/p>\n<p>Jueves 25 de febrero, 17 hs. (horario de Panam\u00e1). Conversatorio a cargo de Eric Blanquicet Para inscripciones:<\/p>\n<p><a href=\"http:\/\/linktr.ee\/fundaciondaniloperez\" target=\"_blank\" rel=\"noopener\" data-saferedirecturl=\"https:\/\/www.google.com\/url?q=http:\/\/linktr.ee\/fundaciondaniloperez&amp;source=gmail&amp;ust=1612518267988000&amp;usg=AFQjCNHJcPg-M_6db1TiE-DkF-TMi7KFVw\">aqui<\/a><\/p>\n","protected":false},"excerpt":{"rendered":"<p>La Fundaci\u00f3n Danilo P\u00e9rez es una organizaci\u00f3n sin fines de lucro que promueve tutor\u00edas, formaci\u00f3n y estimulaci\u00f3n musical para ni\u00f1os, ni\u00f1as, adolescentes y j\u00f3venes con talento para la m\u00fasica y carreras afines. Impulsan el desarrollo integral a trav\u00e9s de la ense\u00f1anza musical, sin importar condici\u00f3n socioecon\u00f3mica, con la finalidad de que los beneficiarios se conviertan [&hellip;]<\/p>\n","protected":false},"author":1,"featured_media":4393,"comment_status":"closed","ping_status":"closed","sticky":false,"template":"","format":"standard","meta":{"footnotes":""},"categories":[53],"tags":[],"class_list":["post-4392","post","type-post","status-publish","format-standard","has-post-thumbnail","hentry","category-noticias-generales"],"lang":"es","translations":{"es":4392,"pt":4395},"pll_sync_post":[],"post_mailing_queue_ids":[],"_links":{"self":[{"href":"http:\/\/staging.ibermusicas.org\/index.php\/wp-json\/wp\/v2\/posts\/4392","targetHints":{"allow":["GET"]}}],"collection":[{"href":"http:\/\/staging.ibermusicas.org\/index.php\/wp-json\/wp\/v2\/posts"}],"about":[{"href":"http:\/\/staging.ibermusicas.org\/index.php\/wp-json\/wp\/v2\/types\/post"}],"author":[{"embeddable":true,"href":"http:\/\/staging.ibermusicas.org\/index.php\/wp-json\/wp\/v2\/users\/1"}],"replies":[{"embeddable":true,"href":"http:\/\/staging.ibermusicas.org\/index.php\/wp-json\/wp\/v2\/comments?post=4392"}],"version-history":[{"count":1,"href":"http:\/\/staging.ibermusicas.org\/index.php\/wp-json\/wp\/v2\/posts\/4392\/revisions"}],"predecessor-version":[{"id":4394,"href":"http:\/\/staging.ibermusicas.org\/index.php\/wp-json\/wp\/v2\/posts\/4392\/revisions\/4394"}],"wp:featuredmedia":[{"embeddable":true,"href":"http:\/\/staging.ibermusicas.org\/index.php\/wp-json\/wp\/v2\/media\/4393"}],"wp:attachment":[{"href":"http:\/\/staging.ibermusicas.org\/index.php\/wp-json\/wp\/v2\/media?parent=4392"}],"wp:term":[{"taxonomy":"category","embeddable":true,"href":"http:\/\/staging.ibermusicas.org\/index.php\/wp-json\/wp\/v2\/categories?post=4392"},{"taxonomy":"post_tag","embeddable":true,"href":"http:\/\/staging.ibermusicas.org\/index.php\/wp-json\/wp\/v2\/tags?post=4392"}],"curies":[{"name":"wp","href":"https:\/\/api.w.org\/{rel}","templated":true}]}}