{"id":4395,"date":"2021-02-04T10:40:07","date_gmt":"2021-02-04T10:40:07","guid":{"rendered":"http:\/\/staging.ibermusicas.org\/?p=4395"},"modified":"2021-03-02T17:14:40","modified_gmt":"2021-03-02T17:14:40","slug":"a-fundacao-danilo-perez-inicia-seu-ciclo-conexao-musical-panamenha-com-um-conversatorio-a-cargo-do-percussionista-eric-blanquicet","status":"publish","type":"post","link":"http:\/\/staging.ibermusicas.org\/index.php\/a-fundacao-danilo-perez-inicia-seu-ciclo-conexao-musical-panamenha-com-um-conversatorio-a-cargo-do-percussionista-eric-blanquicet\/","title":{"rendered":"A Funda\u00e7\u00e3o Danilo P\u00e9rez inicia seu ciclo Conex\u00e3o Musical Panamenha com um conversat\u00f3rio a cargo do percussionista Eric Blanquicet"},"content":{"rendered":"<p>A Funda\u00e7\u00e3o Danilo P\u00e9rez \u00e9 uma organiza\u00e7\u00e3o sem fins lucrativos que promove tutorias, forma\u00e7\u00e3o e estimula\u00e7\u00e3o musical para meninos, meninas, adolescentes e jovens talentosos para a m\u00fasica e carreiras afins. Impulsionam o desenvolvimento integral atrav\u00e9s do ensino musical, sem importar condi\u00e7\u00e3o socioecon\u00f4mica, com a finalidade de que os benefici\u00e1rios se convertam em profissionais.<\/p>\n<p>O projeto Conex\u00e3o Musical Panamenha consiste em oferecer atividades de educa\u00e7\u00e3o musical cont\u00ednua e gratuita em formato virtual para facilitar a estudantes panamenhos e da Iberoam\u00e9rica o acesso a saberes transmitidos por artistas e professores de m\u00fasica nacional e internacional. Contam com uma plataforma de mais de 100 artistas e educadores nacionais e internacionais que apoiam os projetos sociais e educacionais da Funda\u00e7\u00e3o Danilo P\u00e9rez de diversas partes do mundo.<\/p>\n<p>Ao longo deste ano, uma vez por m\u00eas, far\u00e3o parte desta iniciativa: Eric Blanquicet do Panam\u00e1, Karina Nu\u00f1ez do Uruguai, Ori\u00f3n Morales do Chile, Sebasti\u00e1n Garz\u00f3n da Col\u00f4mbia\/Panam\u00e1, Mar Fayos da Espanha, Jos\u00e9 Soto da Costa Rica, Ariel P\u00e9rez Price do Panam\u00e1, Nikki Cambell do Panam\u00e1 e Arturo Caraza do M\u00e9xico. O \u00faltimo evento que ser\u00e1 realizado ser\u00e1 um concerto com conte\u00fado musical panamenho para celebrar as festas p\u00e1trias.<\/p>\n<p>Quinta-feira 25 de fevereiro, 17 hs. (hor\u00e1rio do Panam\u00e1). Conversat\u00f3rio a cargo de Eric Blanquicet Para inscri\u00e7\u00f5es:<\/p>\n<p><a href=\"http:\/\/linktr.ee\/fundaciondaniloperez\" target=\"_blank\" rel=\"noopener\" data-saferedirecturl=\"https:\/\/www.google.com\/url?q=http:\/\/linktr.ee\/fundaciondaniloperez&amp;source=gmail&amp;ust=1612518267988000&amp;usg=AFQjCNHJcPg-M_6db1TiE-DkF-TMi7KFVw\">aqui<\/a><\/p>\n","protected":false},"excerpt":{"rendered":"<p>A Funda\u00e7\u00e3o Danilo P\u00e9rez \u00e9 uma organiza\u00e7\u00e3o sem fins lucrativos que promove tutorias, forma\u00e7\u00e3o e estimula\u00e7\u00e3o musical para meninos, meninas, adolescentes e jovens talentosos para a m\u00fasica e carreiras afins. Impulsionam o desenvolvimento integral atrav\u00e9s do ensino musical, sem importar condi\u00e7\u00e3o socioecon\u00f4mica, com a finalidade de que os benefici\u00e1rios se convertam em profissionais. O projeto [&hellip;]<\/p>\n","protected":false},"author":1,"featured_media":4393,"comment_status":"closed","ping_status":"closed","sticky":false,"template":"","format":"standard","meta":{"footnotes":""},"categories":[218],"tags":[],"class_list":["post-4395","post","type-post","status-publish","format-standard","has-post-thumbnail","hentry","category-noticias-generales-pt"],"lang":"pt","translations":{"pt":4395,"es":4392},"pll_sync_post":[],"post_mailing_queue_ids":[],"_links":{"self":[{"href":"http:\/\/staging.ibermusicas.org\/index.php\/wp-json\/wp\/v2\/posts\/4395","targetHints":{"allow":["GET"]}}],"collection":[{"href":"http:\/\/staging.ibermusicas.org\/index.php\/wp-json\/wp\/v2\/posts"}],"about":[{"href":"http:\/\/staging.ibermusicas.org\/index.php\/wp-json\/wp\/v2\/types\/post"}],"author":[{"embeddable":true,"href":"http:\/\/staging.ibermusicas.org\/index.php\/wp-json\/wp\/v2\/users\/1"}],"replies":[{"embeddable":true,"href":"http:\/\/staging.ibermusicas.org\/index.php\/wp-json\/wp\/v2\/comments?post=4395"}],"version-history":[{"count":1,"href":"http:\/\/staging.ibermusicas.org\/index.php\/wp-json\/wp\/v2\/posts\/4395\/revisions"}],"predecessor-version":[{"id":4396,"href":"http:\/\/staging.ibermusicas.org\/index.php\/wp-json\/wp\/v2\/posts\/4395\/revisions\/4396"}],"wp:featuredmedia":[{"embeddable":true,"href":"http:\/\/staging.ibermusicas.org\/index.php\/wp-json\/wp\/v2\/media\/4393"}],"wp:attachment":[{"href":"http:\/\/staging.ibermusicas.org\/index.php\/wp-json\/wp\/v2\/media?parent=4395"}],"wp:term":[{"taxonomy":"category","embeddable":true,"href":"http:\/\/staging.ibermusicas.org\/index.php\/wp-json\/wp\/v2\/categories?post=4395"},{"taxonomy":"post_tag","embeddable":true,"href":"http:\/\/staging.ibermusicas.org\/index.php\/wp-json\/wp\/v2\/tags?post=4395"}],"curies":[{"name":"wp","href":"https:\/\/api.w.org\/{rel}","templated":true}]}}