{"id":4397,"date":"2021-02-04T10:45:06","date_gmt":"2021-02-04T10:45:06","guid":{"rendered":"http:\/\/staging.ibermusicas.org\/?p=4397"},"modified":"2021-02-04T10:45:06","modified_gmt":"2021-02-04T10:45:06","slug":"el-artista-peruano-tayta-bird-con-su-folclore-futurista-fue-el-numero-de-cierre-del-festival-ultraloide-de-barranquilla-colombia","status":"publish","type":"post","link":"http:\/\/staging.ibermusicas.org\/index.php\/el-artista-peruano-tayta-bird-con-su-folclore-futurista-fue-el-numero-de-cierre-del-festival-ultraloide-de-barranquilla-colombia\/","title":{"rendered":"El artista peruano Tayta Bird con su folclore futurista, fue el n\u00famero de cierre del Festival Ultraloide de Barranquilla, Colombia"},"content":{"rendered":"<p>El viernes 22 de enero se realiz\u00f3 el concierto de clausura de la s\u00e9ptima edici\u00f3n del Ultraloide Festival, la fiesta de los sonidos independientes, con la presentaci\u00f3n del artista peruano Tayta Bird.<\/p>\n<p>Ultraloide Festival celebr\u00f3 su s\u00e9ptima edici\u00f3n del 20 al 22 de enero, en esta ocasi\u00f3n en modalidad virtual, reuniendo 10 propuestas musicales de diferentes g\u00e9neros que sonaron a trav\u00e9s de las redes con lo mejor de la m\u00fasica independiente.<\/p>\n<p><a href=\"https:\/\/lt.dplrmail.com\/2e46caceb23a06444ead435ebeff796f-81868bec073b3970fa62af291f12b42d\" target=\"_blank\" rel=\"noopener\" data-saferedirecturl=\"https:\/\/www.google.com\/url?q=https:\/\/lt.dplrmail.com\/2e46caceb23a06444ead435ebeff796f-81868bec073b3970fa62af291f12b42d&amp;source=gmail&amp;ust=1612518267989000&amp;usg=AFQjCNH4ShaLwxxO7atxlqbhf_qDFMoeVA\">www.facebook.com<\/a><br \/>\n<a href=\"https:\/\/lt.dplrmail.com\/6562a76477fcc79b98f9283ee04ae537-81868bec073b3970fa62af291f12b42d\" target=\"_blank\" rel=\"noopener\" data-saferedirecturl=\"https:\/\/www.google.com\/url?q=https:\/\/lt.dplrmail.com\/6562a76477fcc79b98f9283ee04ae537-81868bec073b3970fa62af291f12b42d&amp;source=gmail&amp;ust=1612518267989000&amp;usg=AFQjCNHiCL4fd2xJGfMkbeBXaYuOCDgw3Q\">www.youtube.com<\/a><\/p>\n","protected":false},"excerpt":{"rendered":"<p>El viernes 22 de enero se realiz\u00f3 el concierto de clausura de la s\u00e9ptima edici\u00f3n del Ultraloide Festival, la fiesta de los sonidos independientes, con la presentaci\u00f3n del artista peruano Tayta Bird. Ultraloide Festival celebr\u00f3 su s\u00e9ptima edici\u00f3n del 20 al 22 de enero, en esta ocasi\u00f3n en modalidad virtual, reuniendo 10 propuestas musicales de [&hellip;]<\/p>\n","protected":false},"author":1,"featured_media":4398,"comment_status":"closed","ping_status":"closed","sticky":false,"template":"","format":"standard","meta":{"footnotes":""},"categories":[53],"tags":[],"class_list":["post-4397","post","type-post","status-publish","format-standard","has-post-thumbnail","hentry","category-noticias-generales"],"lang":"es","translations":{"es":4397,"pt":4400},"pll_sync_post":[],"post_mailing_queue_ids":[],"_links":{"self":[{"href":"http:\/\/staging.ibermusicas.org\/index.php\/wp-json\/wp\/v2\/posts\/4397","targetHints":{"allow":["GET"]}}],"collection":[{"href":"http:\/\/staging.ibermusicas.org\/index.php\/wp-json\/wp\/v2\/posts"}],"about":[{"href":"http:\/\/staging.ibermusicas.org\/index.php\/wp-json\/wp\/v2\/types\/post"}],"author":[{"embeddable":true,"href":"http:\/\/staging.ibermusicas.org\/index.php\/wp-json\/wp\/v2\/users\/1"}],"replies":[{"embeddable":true,"href":"http:\/\/staging.ibermusicas.org\/index.php\/wp-json\/wp\/v2\/comments?post=4397"}],"version-history":[{"count":1,"href":"http:\/\/staging.ibermusicas.org\/index.php\/wp-json\/wp\/v2\/posts\/4397\/revisions"}],"predecessor-version":[{"id":4399,"href":"http:\/\/staging.ibermusicas.org\/index.php\/wp-json\/wp\/v2\/posts\/4397\/revisions\/4399"}],"wp:featuredmedia":[{"embeddable":true,"href":"http:\/\/staging.ibermusicas.org\/index.php\/wp-json\/wp\/v2\/media\/4398"}],"wp:attachment":[{"href":"http:\/\/staging.ibermusicas.org\/index.php\/wp-json\/wp\/v2\/media?parent=4397"}],"wp:term":[{"taxonomy":"category","embeddable":true,"href":"http:\/\/staging.ibermusicas.org\/index.php\/wp-json\/wp\/v2\/categories?post=4397"},{"taxonomy":"post_tag","embeddable":true,"href":"http:\/\/staging.ibermusicas.org\/index.php\/wp-json\/wp\/v2\/tags?post=4397"}],"curies":[{"name":"wp","href":"https:\/\/api.w.org\/{rel}","templated":true}]}}