{"id":4400,"date":"2021-02-04T10:46:14","date_gmt":"2021-02-04T10:46:14","guid":{"rendered":"http:\/\/staging.ibermusicas.org\/?p=4400"},"modified":"2021-02-04T10:46:14","modified_gmt":"2021-02-04T10:46:14","slug":"o-artista-peruano-tayta-bird-com-seu-folclore-futurista-foi-o-numero-de-fechamento-do-festival-ultraloide-de-barranquilla-colombia","status":"publish","type":"post","link":"http:\/\/staging.ibermusicas.org\/index.php\/o-artista-peruano-tayta-bird-com-seu-folclore-futurista-foi-o-numero-de-fechamento-do-festival-ultraloide-de-barranquilla-colombia\/","title":{"rendered":"O artista peruano Tayta Bird com seu folclore futurista, foi o n\u00famero de fechamento do Festival Ultraloide de Barranquilla, Col\u00f4mbia"},"content":{"rendered":"<p>Na sexta-feira 22 de janeiro foi realizado o concerto de encerramento da s\u00e9tima edi\u00e7\u00e3o do Ultraloide Festival, a festa dos sons independentes, com a apresenta\u00e7\u00e3o do artista peruano Tayta Bird.<\/p>\n<p>Ultraloide Festival comemorou sua s\u00e9tima edi\u00e7\u00e3o de 20 a 22 de janeiro, nesta ocasi\u00e3o em modalidade virtual, reunindo 10 propostas musicais de diferentes g\u00eaneros que soaram atrav\u00e9s das redes com o melhor da m\u00fasica independente.<\/p>\n<p><a href=\"https:\/\/lt.dplrmail.com\/2e46caceb23a06444ead435ebeff796f-81868bec073b3970fa62af291f12b42d\" target=\"_blank\" rel=\"noopener\" data-saferedirecturl=\"https:\/\/www.google.com\/url?q=https:\/\/lt.dplrmail.com\/2e46caceb23a06444ead435ebeff796f-81868bec073b3970fa62af291f12b42d&amp;source=gmail&amp;ust=1612518267989000&amp;usg=AFQjCNH4ShaLwxxO7atxlqbhf_qDFMoeVA\">www.facebook.com<\/a><br \/>\n<a href=\"https:\/\/lt.dplrmail.com\/6562a76477fcc79b98f9283ee04ae537-81868bec073b3970fa62af291f12b42d\" target=\"_blank\" rel=\"noopener\" data-saferedirecturl=\"https:\/\/www.google.com\/url?q=https:\/\/lt.dplrmail.com\/6562a76477fcc79b98f9283ee04ae537-81868bec073b3970fa62af291f12b42d&amp;source=gmail&amp;ust=1612518267989000&amp;usg=AFQjCNHiCL4fd2xJGfMkbeBXaYuOCDgw3Q\">www.youtube.com<\/a><\/p>\n","protected":false},"excerpt":{"rendered":"<p>Na sexta-feira 22 de janeiro foi realizado o concerto de encerramento da s\u00e9tima edi\u00e7\u00e3o do Ultraloide Festival, a festa dos sons independentes, com a apresenta\u00e7\u00e3o do artista peruano Tayta Bird. Ultraloide Festival comemorou sua s\u00e9tima edi\u00e7\u00e3o de 20 a 22 de janeiro, nesta ocasi\u00e3o em modalidade virtual, reunindo 10 propostas musicais de diferentes g\u00eaneros que [&hellip;]<\/p>\n","protected":false},"author":1,"featured_media":4398,"comment_status":"closed","ping_status":"closed","sticky":false,"template":"","format":"standard","meta":{"footnotes":""},"categories":[218],"tags":[],"class_list":["post-4400","post","type-post","status-publish","format-standard","has-post-thumbnail","hentry","category-noticias-generales-pt"],"lang":"pt","translations":{"pt":4400,"es":4397},"pll_sync_post":[],"post_mailing_queue_ids":[],"_links":{"self":[{"href":"http:\/\/staging.ibermusicas.org\/index.php\/wp-json\/wp\/v2\/posts\/4400","targetHints":{"allow":["GET"]}}],"collection":[{"href":"http:\/\/staging.ibermusicas.org\/index.php\/wp-json\/wp\/v2\/posts"}],"about":[{"href":"http:\/\/staging.ibermusicas.org\/index.php\/wp-json\/wp\/v2\/types\/post"}],"author":[{"embeddable":true,"href":"http:\/\/staging.ibermusicas.org\/index.php\/wp-json\/wp\/v2\/users\/1"}],"replies":[{"embeddable":true,"href":"http:\/\/staging.ibermusicas.org\/index.php\/wp-json\/wp\/v2\/comments?post=4400"}],"version-history":[{"count":1,"href":"http:\/\/staging.ibermusicas.org\/index.php\/wp-json\/wp\/v2\/posts\/4400\/revisions"}],"predecessor-version":[{"id":4401,"href":"http:\/\/staging.ibermusicas.org\/index.php\/wp-json\/wp\/v2\/posts\/4400\/revisions\/4401"}],"wp:featuredmedia":[{"embeddable":true,"href":"http:\/\/staging.ibermusicas.org\/index.php\/wp-json\/wp\/v2\/media\/4398"}],"wp:attachment":[{"href":"http:\/\/staging.ibermusicas.org\/index.php\/wp-json\/wp\/v2\/media?parent=4400"}],"wp:term":[{"taxonomy":"category","embeddable":true,"href":"http:\/\/staging.ibermusicas.org\/index.php\/wp-json\/wp\/v2\/categories?post=4400"},{"taxonomy":"post_tag","embeddable":true,"href":"http:\/\/staging.ibermusicas.org\/index.php\/wp-json\/wp\/v2\/tags?post=4400"}],"curies":[{"name":"wp","href":"https:\/\/api.w.org\/{rel}","templated":true}]}}