{"id":4405,"date":"2021-02-04T10:50:49","date_gmt":"2021-02-04T10:50:49","guid":{"rendered":"http:\/\/staging.ibermusicas.org\/?p=4405"},"modified":"2021-02-04T10:50:49","modified_gmt":"2021-02-04T10:50:49","slug":"o-percussionista-uruguaio-daniel-tatita-marquez-completou-sua-residencia-compositiva-no-centro-mexicano-para-a-musica-e-as-artes-sonoras-cmmas","status":"publish","type":"post","link":"http:\/\/staging.ibermusicas.org\/index.php\/o-percussionista-uruguaio-daniel-tatita-marquez-completou-sua-residencia-compositiva-no-centro-mexicano-para-a-musica-e-as-artes-sonoras-cmmas\/","title":{"rendered":"O percussionista uruguaio Daniel Tatita M\u00e1rquez completou sua resid\u00eancia compositiva no Centro Mexicano para a M\u00fasica e as Artes Sonoras (CMMAS)"},"content":{"rendered":"<p>Tomando como ponto de partida o ritmo e o tambor do Candombe, a m\u00fasica emblem\u00e1tica de sua cidade, Montevid\u00e9u, Daniel Tatita M\u00e1rquez trabalhou com rob\u00f4s e uma ampla gama de processos digitais para levar adiante seu ambicioso projeto. Devido \u00e0 pandemia a resid\u00eancia teve que ser realizada em modalidade virtual.<\/p>\n<p>Aqui podemos ver e ouvir parte do resultado:<\/p>\n<p><a href=\"https:\/\/lt.dplrmail.com\/c7297fb144f99267909cdbd70ecd31c5-81868bec073b3970fa62af291f12b42d\" target=\"_blank\" rel=\"noopener\" data-saferedirecturl=\"https:\/\/www.google.com\/url?q=https:\/\/lt.dplrmail.com\/c7297fb144f99267909cdbd70ecd31c5-81868bec073b3970fa62af291f12b42d&amp;source=gmail&amp;ust=1612518267989000&amp;usg=AFQjCNEW1WCZ8nMEy8iNwo8hUl1FTfcb4Q\">www.youtube.com<\/a><\/p>\n","protected":false},"excerpt":{"rendered":"<p>Tomando como ponto de partida o ritmo e o tambor do Candombe, a m\u00fasica emblem\u00e1tica de sua cidade, Montevid\u00e9u, Daniel Tatita M\u00e1rquez trabalhou com rob\u00f4s e uma ampla gama de processos digitais para levar adiante seu ambicioso projeto. Devido \u00e0 pandemia a resid\u00eancia teve que ser realizada em modalidade virtual. Aqui podemos ver e ouvir [&hellip;]<\/p>\n","protected":false},"author":1,"featured_media":4403,"comment_status":"closed","ping_status":"closed","sticky":false,"template":"","format":"standard","meta":{"footnotes":""},"categories":[63],"tags":[],"class_list":["post-4405","post","type-post","status-publish","format-standard","has-post-thumbnail","hentry","category-sin-categoria-pt"],"lang":"pt","translations":{"pt":4405,"es":4402},"pll_sync_post":[],"post_mailing_queue_ids":[],"_links":{"self":[{"href":"http:\/\/staging.ibermusicas.org\/index.php\/wp-json\/wp\/v2\/posts\/4405","targetHints":{"allow":["GET"]}}],"collection":[{"href":"http:\/\/staging.ibermusicas.org\/index.php\/wp-json\/wp\/v2\/posts"}],"about":[{"href":"http:\/\/staging.ibermusicas.org\/index.php\/wp-json\/wp\/v2\/types\/post"}],"author":[{"embeddable":true,"href":"http:\/\/staging.ibermusicas.org\/index.php\/wp-json\/wp\/v2\/users\/1"}],"replies":[{"embeddable":true,"href":"http:\/\/staging.ibermusicas.org\/index.php\/wp-json\/wp\/v2\/comments?post=4405"}],"version-history":[{"count":1,"href":"http:\/\/staging.ibermusicas.org\/index.php\/wp-json\/wp\/v2\/posts\/4405\/revisions"}],"predecessor-version":[{"id":4406,"href":"http:\/\/staging.ibermusicas.org\/index.php\/wp-json\/wp\/v2\/posts\/4405\/revisions\/4406"}],"wp:featuredmedia":[{"embeddable":true,"href":"http:\/\/staging.ibermusicas.org\/index.php\/wp-json\/wp\/v2\/media\/4403"}],"wp:attachment":[{"href":"http:\/\/staging.ibermusicas.org\/index.php\/wp-json\/wp\/v2\/media?parent=4405"}],"wp:term":[{"taxonomy":"category","embeddable":true,"href":"http:\/\/staging.ibermusicas.org\/index.php\/wp-json\/wp\/v2\/categories?post=4405"},{"taxonomy":"post_tag","embeddable":true,"href":"http:\/\/staging.ibermusicas.org\/index.php\/wp-json\/wp\/v2\/tags?post=4405"}],"curies":[{"name":"wp","href":"https:\/\/api.w.org\/{rel}","templated":true}]}}