{"id":4407,"date":"2021-02-04T10:56:59","date_gmt":"2021-02-04T10:56:59","guid":{"rendered":"http:\/\/staging.ibermusicas.org\/?p=4407"},"modified":"2021-03-02T17:12:51","modified_gmt":"2021-03-02T17:12:51","slug":"la-agrupacion-vibra-mucha-de-mexico-inicia-sus-actividades-con-el-proyecto-reggae-a-la-distancia-para-la-infancia-de-latinoamerica","status":"publish","type":"post","link":"http:\/\/staging.ibermusicas.org\/index.php\/la-agrupacion-vibra-mucha-de-mexico-inicia-sus-actividades-con-el-proyecto-reggae-a-la-distancia-para-la-infancia-de-latinoamerica\/","title":{"rendered":"La agrupaci\u00f3n Vibra Much\u00e1 de M\u00e9xico inicia sus actividades con el proyecto Reggae a la Distancia para la Infancia de Latinoam\u00e9rica"},"content":{"rendered":"<p>Vibra Much\u00e1 es una agrupaci\u00f3n integrada por j\u00f3venes mexicanos que buscan ofrecer alternativas art\u00edsticas con mensajes de paz, respeto, salud y equidad. Cultivan una m\u00fasica mestiza con esencia de reggae en contacto permanente con otros g\u00e9neros como ska, jazz, rock steady, hip hop y son jarocho.<\/p>\n<p>En su espect\u00e1culo destinado al p\u00fablico infantil buscan compartir con los ni\u00f1os y con sus familias una propuesta musical positiva como forma de contrarrestar la cultura de violencia y ego\u00edsmo que impera en la cotidianeidad.<\/p>\n<p>Durante febrero y marzo realizar\u00e1n dos conciertos virtuales de reggae destinados a ni\u00f1as y ni\u00f1os de siete pa\u00edses de Am\u00e9rica Latina (Per\u00fa, Uruguay, Ecuador, Bolivia, Venezuela, Guatemala y M\u00e9xico) con el objetivo de promover m\u00fasica de paz, respeto, salud y alegr\u00eda para la infancia y sus familias.<\/p>\n<p>Domingo 28 de febrero y domingo 28 de marzo<\/p>\n<p><a href=\"https:\/\/lt.dplrmail.com\/c2890f31bd4e8018965114e82003ca35-81868bec073b3970fa62af291f12b42d\" target=\"_blank\" rel=\"noopener\" data-saferedirecturl=\"https:\/\/www.google.com\/url?q=https:\/\/lt.dplrmail.com\/c2890f31bd4e8018965114e82003ca35-81868bec073b3970fa62af291f12b42d&amp;source=gmail&amp;ust=1612518267988000&amp;usg=AFQjCNGFN2yeeuHNNFHXYUkd21Jq4JcqlA\">www.facebook.com<\/a><br \/>\n<a href=\"https:\/\/lt.dplrmail.com\/e5e8a050ae5605627a883e04bd753bd6-81868bec073b3970fa62af291f12b42d\" target=\"_blank\" rel=\"noopener\" data-saferedirecturl=\"https:\/\/www.google.com\/url?q=https:\/\/lt.dplrmail.com\/e5e8a050ae5605627a883e04bd753bd6-81868bec073b3970fa62af291f12b42d&amp;source=gmail&amp;ust=1612518267988000&amp;usg=AFQjCNG1V8DrO4YpckkjkKQIsOcqsdkSSA\">www.youtube.com<\/a><br \/>\n<a href=\"https:\/\/lt.dplrmail.com\/2aa9e5eddf1c4daa1992d4e26787790f-81868bec073b3970fa62af291f12b42d\" target=\"_blank\" rel=\"noopener\" data-saferedirecturl=\"https:\/\/www.google.com\/url?q=https:\/\/lt.dplrmail.com\/2aa9e5eddf1c4daa1992d4e26787790f-81868bec073b3970fa62af291f12b42d&amp;source=gmail&amp;ust=1612518267988000&amp;usg=AFQjCNEftBUBgrhNISDCbFUl7ckzsJIZTg\">www.instagram.com<\/a><\/p>\n","protected":false},"excerpt":{"rendered":"<p>Vibra Much\u00e1 es una agrupaci\u00f3n integrada por j\u00f3venes mexicanos que buscan ofrecer alternativas art\u00edsticas con mensajes de paz, respeto, salud y equidad. Cultivan una m\u00fasica mestiza con esencia de reggae en contacto permanente con otros g\u00e9neros como ska, jazz, rock steady, hip hop y son jarocho. En su espect\u00e1culo destinado al p\u00fablico infantil buscan compartir [&hellip;]<\/p>\n","protected":false},"author":1,"featured_media":4409,"comment_status":"closed","ping_status":"closed","sticky":false,"template":"","format":"standard","meta":{"footnotes":""},"categories":[53],"tags":[],"class_list":["post-4407","post","type-post","status-publish","format-standard","has-post-thumbnail","hentry","category-noticias-generales"],"lang":"es","translations":{"es":4407,"pt":4411},"pll_sync_post":[],"post_mailing_queue_ids":[],"_links":{"self":[{"href":"http:\/\/staging.ibermusicas.org\/index.php\/wp-json\/wp\/v2\/posts\/4407","targetHints":{"allow":["GET"]}}],"collection":[{"href":"http:\/\/staging.ibermusicas.org\/index.php\/wp-json\/wp\/v2\/posts"}],"about":[{"href":"http:\/\/staging.ibermusicas.org\/index.php\/wp-json\/wp\/v2\/types\/post"}],"author":[{"embeddable":true,"href":"http:\/\/staging.ibermusicas.org\/index.php\/wp-json\/wp\/v2\/users\/1"}],"replies":[{"embeddable":true,"href":"http:\/\/staging.ibermusicas.org\/index.php\/wp-json\/wp\/v2\/comments?post=4407"}],"version-history":[{"count":1,"href":"http:\/\/staging.ibermusicas.org\/index.php\/wp-json\/wp\/v2\/posts\/4407\/revisions"}],"predecessor-version":[{"id":4410,"href":"http:\/\/staging.ibermusicas.org\/index.php\/wp-json\/wp\/v2\/posts\/4407\/revisions\/4410"}],"wp:featuredmedia":[{"embeddable":true,"href":"http:\/\/staging.ibermusicas.org\/index.php\/wp-json\/wp\/v2\/media\/4409"}],"wp:attachment":[{"href":"http:\/\/staging.ibermusicas.org\/index.php\/wp-json\/wp\/v2\/media?parent=4407"}],"wp:term":[{"taxonomy":"category","embeddable":true,"href":"http:\/\/staging.ibermusicas.org\/index.php\/wp-json\/wp\/v2\/categories?post=4407"},{"taxonomy":"post_tag","embeddable":true,"href":"http:\/\/staging.ibermusicas.org\/index.php\/wp-json\/wp\/v2\/tags?post=4407"}],"curies":[{"name":"wp","href":"https:\/\/api.w.org\/{rel}","templated":true}]}}