{"id":4411,"date":"2021-02-04T10:58:38","date_gmt":"2021-02-04T10:58:38","guid":{"rendered":"http:\/\/staging.ibermusicas.org\/?p=4411"},"modified":"2021-03-02T17:14:33","modified_gmt":"2021-03-02T17:14:33","slug":"a-banda-vibra-mucha-do-mexico-inicia-suas-atividades-com-o-projeto-reggae-a-distancia-para-a-infancia-da-america-latina","status":"publish","type":"post","link":"http:\/\/staging.ibermusicas.org\/index.php\/a-banda-vibra-mucha-do-mexico-inicia-suas-atividades-com-o-projeto-reggae-a-distancia-para-a-infancia-da-america-latina\/","title":{"rendered":"A banda Vibra Much\u00e1 do M\u00e9xico inicia suas atividades com o projeto Reggae \u00e0 Dist\u00e2ncia para a Inf\u00e2ncia da Am\u00e9rica Latina"},"content":{"rendered":"<p>Vibra Much\u00e1 \u00e9 um grupo integrado por jovens mexicanos que buscam oferecer alternativas art\u00edsticas com mensagens de paz, respeito, sa\u00fade e equidade. Cultivam uma m\u00fasica mesti\u00e7a com ess\u00eancia de reggae em contato permanente com outros g\u00eaneros como ska, jazz, rock steady, hip hop e son Jarocho.<\/p>\n<p>Em seu espet\u00e1culo destinado ao p\u00fablico infantil buscam compartilhar com as crian\u00e7as e com suas fam\u00edlias uma proposta musical positiva como forma de combater a cultura de viol\u00eancia e ego\u00edsmo que impera na cotidianidade.<\/p>\n<p>Durante fevereiro e mar\u00e7o realizar\u00e3o dois concertos virtuais de reggae destinados a meninas e meninos de sete pa\u00edses da Am\u00e9rica Latina (Peru, Uruguai, Equador, Bol\u00edvia, Venezuela, Guatemala e M\u00e9xico) com o objetivo de promover m\u00fasica de paz, respeito, sa\u00fade e alegria para a inf\u00e2ncia e suas fam\u00edlias.<\/p>\n<p>Domingo, 28 de Fevereiro e domingo, 28 de Mar\u00e7o<\/p>\n<p><a href=\"https:\/\/lt.dplrmail.com\/c2890f31bd4e8018965114e82003ca35-81868bec073b3970fa62af291f12b42d\" target=\"_blank\" rel=\"noopener\" data-saferedirecturl=\"https:\/\/www.google.com\/url?q=https:\/\/lt.dplrmail.com\/c2890f31bd4e8018965114e82003ca35-81868bec073b3970fa62af291f12b42d&amp;source=gmail&amp;ust=1612518267988000&amp;usg=AFQjCNGFN2yeeuHNNFHXYUkd21Jq4JcqlA\">www.facebook.com<\/a><br \/>\n<a href=\"https:\/\/lt.dplrmail.com\/e5e8a050ae5605627a883e04bd753bd6-81868bec073b3970fa62af291f12b42d\" target=\"_blank\" rel=\"noopener\" data-saferedirecturl=\"https:\/\/www.google.com\/url?q=https:\/\/lt.dplrmail.com\/e5e8a050ae5605627a883e04bd753bd6-81868bec073b3970fa62af291f12b42d&amp;source=gmail&amp;ust=1612518267988000&amp;usg=AFQjCNG1V8DrO4YpckkjkKQIsOcqsdkSSA\">www.youtube.com<\/a><br \/>\n<a href=\"https:\/\/lt.dplrmail.com\/2aa9e5eddf1c4daa1992d4e26787790f-81868bec073b3970fa62af291f12b42d\" target=\"_blank\" rel=\"noopener\" data-saferedirecturl=\"https:\/\/www.google.com\/url?q=https:\/\/lt.dplrmail.com\/2aa9e5eddf1c4daa1992d4e26787790f-81868bec073b3970fa62af291f12b42d&amp;source=gmail&amp;ust=1612518267988000&amp;usg=AFQjCNEftBUBgrhNISDCbFUl7ckzsJIZTg\">www.instagram.com<\/a><\/p>\n","protected":false},"excerpt":{"rendered":"<p>Vibra Much\u00e1 \u00e9 um grupo integrado por jovens mexicanos que buscam oferecer alternativas art\u00edsticas com mensagens de paz, respeito, sa\u00fade e equidade. Cultivam uma m\u00fasica mesti\u00e7a com ess\u00eancia de reggae em contato permanente com outros g\u00eaneros como ska, jazz, rock steady, hip hop e son Jarocho. Em seu espet\u00e1culo destinado ao p\u00fablico infantil buscam compartilhar [&hellip;]<\/p>\n","protected":false},"author":1,"featured_media":4409,"comment_status":"closed","ping_status":"closed","sticky":false,"template":"","format":"standard","meta":{"footnotes":""},"categories":[218],"tags":[],"class_list":["post-4411","post","type-post","status-publish","format-standard","has-post-thumbnail","hentry","category-noticias-generales-pt"],"lang":"pt","translations":{"pt":4411,"es":4407},"pll_sync_post":[],"post_mailing_queue_ids":[],"_links":{"self":[{"href":"http:\/\/staging.ibermusicas.org\/index.php\/wp-json\/wp\/v2\/posts\/4411","targetHints":{"allow":["GET"]}}],"collection":[{"href":"http:\/\/staging.ibermusicas.org\/index.php\/wp-json\/wp\/v2\/posts"}],"about":[{"href":"http:\/\/staging.ibermusicas.org\/index.php\/wp-json\/wp\/v2\/types\/post"}],"author":[{"embeddable":true,"href":"http:\/\/staging.ibermusicas.org\/index.php\/wp-json\/wp\/v2\/users\/1"}],"replies":[{"embeddable":true,"href":"http:\/\/staging.ibermusicas.org\/index.php\/wp-json\/wp\/v2\/comments?post=4411"}],"version-history":[{"count":1,"href":"http:\/\/staging.ibermusicas.org\/index.php\/wp-json\/wp\/v2\/posts\/4411\/revisions"}],"predecessor-version":[{"id":4412,"href":"http:\/\/staging.ibermusicas.org\/index.php\/wp-json\/wp\/v2\/posts\/4411\/revisions\/4412"}],"wp:featuredmedia":[{"embeddable":true,"href":"http:\/\/staging.ibermusicas.org\/index.php\/wp-json\/wp\/v2\/media\/4409"}],"wp:attachment":[{"href":"http:\/\/staging.ibermusicas.org\/index.php\/wp-json\/wp\/v2\/media?parent=4411"}],"wp:term":[{"taxonomy":"category","embeddable":true,"href":"http:\/\/staging.ibermusicas.org\/index.php\/wp-json\/wp\/v2\/categories?post=4411"},{"taxonomy":"post_tag","embeddable":true,"href":"http:\/\/staging.ibermusicas.org\/index.php\/wp-json\/wp\/v2\/tags?post=4411"}],"curies":[{"name":"wp","href":"https:\/\/api.w.org\/{rel}","templated":true}]}}