{"id":4416,"date":"2021-02-04T11:05:29","date_gmt":"2021-02-04T11:05:29","guid":{"rendered":"http:\/\/staging.ibermusicas.org\/?p=4416"},"modified":"2021-03-01T17:13:50","modified_gmt":"2021-03-01T17:13:50","slug":"la-banda-afrodisiaco-de-panama-junto-a-comprovisation-proyect-de-chile-nos-acercan-los-primeros-resultados-de-su-intercambio-virtual-llamado-puente-2","status":"publish","type":"post","link":"http:\/\/staging.ibermusicas.org\/index.php\/la-banda-afrodisiaco-de-panama-junto-a-comprovisation-proyect-de-chile-nos-acercan-los-primeros-resultados-de-su-intercambio-virtual-llamado-puente-2\/","title":{"rendered":"La banda Afrodis\u00edaco de Panam\u00e1 junto a Comprovisation Proyect de Chile nos acercan los primeros resultados de su intercambio virtual llamado \u00abPuente\u00bb"},"content":{"rendered":"<p>Con este proyecto Afrodis\u00edaco de Panam\u00e1 propone un viaje musical junto a Comprovisation Proyect de Chile. En el marco de este intercambio Afrodis\u00edaco paname\u00f1iz\u00f3 la canci\u00f3n chilena \u201cDeja la vida volar\u201d de V\u00edctor Jara introduciendo elementos de la cultura paname\u00f1a con ritmos y tambores afropaname\u00f1os y Comprovisation Project chileniz\u00f3 la canci\u00f3n \u201cDesapariciones\u201d de Rub\u00e9n Blades creando una nueva versi\u00f3n que se llamar\u00e1 \u201cDesaparecidas\u201d. Esta canci\u00f3n implic\u00f3 un intenso trabajo emocional de modificar la letra de Blades para nombrar a mujeres v\u00edctimas de la violencia machista en Panam\u00e1 y Chile.<\/p>\n<p>En adici\u00f3n a las canciones, Afrodis\u00edaco presentar\u00e1 el documental \u201cPuente\u201d producido por FolkLab Studios que dar\u00e1 testimonio de todo el proceso creativo.<\/p>\n<p>Cuentan con el apoyo en la difusi\u00f3n del Fondo de Poblaci\u00f3n de las Naciones Unidas a trav\u00e9s de su campa\u00f1a \u00abLetras contra la violencia\u00bb.<\/p>\n<p>domingo 21 de febrero, 20:00 hs.(horario de Panam\u00e1) por la plataforma del Ministerio de Cultura de Panam\u00e1 y el canal estatal SerTV<\/p>\n","protected":false},"excerpt":{"rendered":"<p>Con este proyecto Afrodis\u00edaco de Panam\u00e1 propone un viaje musical junto a Comprovisation Proyect de Chile. En el marco de este intercambio Afrodis\u00edaco paname\u00f1iz\u00f3 la canci\u00f3n chilena \u201cDeja la vida volar\u201d de V\u00edctor Jara introduciendo elementos de la cultura paname\u00f1a con ritmos y tambores afropaname\u00f1os y Comprovisation Project chileniz\u00f3 la canci\u00f3n \u201cDesapariciones\u201d de Rub\u00e9n Blades [&hellip;]<\/p>\n","protected":false},"author":1,"featured_media":4414,"comment_status":"closed","ping_status":"closed","sticky":false,"template":"","format":"standard","meta":{"footnotes":""},"categories":[218],"tags":[],"class_list":["post-4416","post","type-post","status-publish","format-standard","has-post-thumbnail","hentry","category-noticias-generales-pt"],"lang":"pt","translations":{"pt":4416,"es":4413},"pll_sync_post":[],"post_mailing_queue_ids":[],"_links":{"self":[{"href":"http:\/\/staging.ibermusicas.org\/index.php\/wp-json\/wp\/v2\/posts\/4416","targetHints":{"allow":["GET"]}}],"collection":[{"href":"http:\/\/staging.ibermusicas.org\/index.php\/wp-json\/wp\/v2\/posts"}],"about":[{"href":"http:\/\/staging.ibermusicas.org\/index.php\/wp-json\/wp\/v2\/types\/post"}],"author":[{"embeddable":true,"href":"http:\/\/staging.ibermusicas.org\/index.php\/wp-json\/wp\/v2\/users\/1"}],"replies":[{"embeddable":true,"href":"http:\/\/staging.ibermusicas.org\/index.php\/wp-json\/wp\/v2\/comments?post=4416"}],"version-history":[{"count":1,"href":"http:\/\/staging.ibermusicas.org\/index.php\/wp-json\/wp\/v2\/posts\/4416\/revisions"}],"predecessor-version":[{"id":4417,"href":"http:\/\/staging.ibermusicas.org\/index.php\/wp-json\/wp\/v2\/posts\/4416\/revisions\/4417"}],"wp:featuredmedia":[{"embeddable":true,"href":"http:\/\/staging.ibermusicas.org\/index.php\/wp-json\/wp\/v2\/media\/4414"}],"wp:attachment":[{"href":"http:\/\/staging.ibermusicas.org\/index.php\/wp-json\/wp\/v2\/media?parent=4416"}],"wp:term":[{"taxonomy":"category","embeddable":true,"href":"http:\/\/staging.ibermusicas.org\/index.php\/wp-json\/wp\/v2\/categories?post=4416"},{"taxonomy":"post_tag","embeddable":true,"href":"http:\/\/staging.ibermusicas.org\/index.php\/wp-json\/wp\/v2\/tags?post=4416"}],"curies":[{"name":"wp","href":"https:\/\/api.w.org\/{rel}","templated":true}]}}