{"id":4418,"date":"2021-02-04T11:07:40","date_gmt":"2021-02-04T11:07:40","guid":{"rendered":"http:\/\/staging.ibermusicas.org\/?p=4418"},"modified":"2021-03-01T16:24:46","modified_gmt":"2021-03-01T16:24:46","slug":"el-centro-cultural-la-luna-naranja-de-santa-clara-cuba-inicia-su-proyecto-remolino","status":"publish","type":"post","link":"http:\/\/staging.ibermusicas.org\/index.php\/el-centro-cultural-la-luna-naranja-de-santa-clara-cuba-inicia-su-proyecto-remolino\/","title":{"rendered":"El Centro Cultural La Luna Naranja de Santa Clara, Cuba, inicia su proyecto Remolino"},"content":{"rendered":"<p>El Proyecto Remolino, iniciativa del Centro Cultural La Luna Naranja, llegar\u00e1 desde el 14 de febrero a plataformas digitales como un medio de promoci\u00f3n de la canci\u00f3n de autor cubana y latinoamericana contempor\u00e1nea en su relaci\u00f3n con otras manifestaciones de arte, g\u00e9neros musicales y abordajes de problem\u00e1ticas sociales de nuestras naciones. Se desarrollar\u00e1 desde el joven centro cultural que se levanta en Santa Clara, y pretende generar, a trav\u00e9s de audiovisuales mensajes de respeto, aceptaci\u00f3n y tolerancia entre los hombres, los pueblos y sus culturas.<\/p>\n<p>Seg\u00fan el trovador Yordan Romero, director de La Luna Naranja, el principal impulso del trabajo es mantener, transmitir y desarrollar la cultura en sus distintas variantes. La selecci\u00f3n de los cantautores y artistas invitados atiende a mostrar diversidad en cuanto a elementos como: la relaci\u00f3n con m\u00fasicos de otros g\u00e9neros, la poes\u00eda, la d\u00e9cima, el trabajo para ni\u00f1os, el humor dentro de la trova, la fusi\u00f3n de ritmos de la m\u00fasica tradicional con el jazz; y las expresiones art\u00edsticas de los diferentes rincones de la isla.<\/p>\n<p>Realizar\u00e1n un total de 12 audiovisuales de aproximadamente 12 minutos que contendr\u00e1n canciones, entrevistas, lecturas de poes\u00eda y mostrar\u00e1n, como escenario, importantes sitios de la cultura villaclare\u00f1a.<\/p>\n<p>Los materiales comenzar\u00e1n a transmitirse desde el 14 de febrero hasta el 11 de septiembre de este mismo a\u00f1o, d\u00eda que marca el nacimiento de La Trovuntivitis, el ya legendario movimiento de trovadoras y trovadores de Santa Clara. Este proyecto cuenta con la colaboraci\u00f3n de M\u00e9xico y Argentina, en provecho del movimiento trovadoresco de Santa Clara.<\/p>\n","protected":false},"excerpt":{"rendered":"<p>El Proyecto Remolino, iniciativa del Centro Cultural La Luna Naranja, llegar\u00e1 desde el 14 de febrero a plataformas digitales como un medio de promoci\u00f3n de la canci\u00f3n de autor cubana y latinoamericana contempor\u00e1nea en su relaci\u00f3n con otras manifestaciones de arte, g\u00e9neros musicales y abordajes de problem\u00e1ticas sociales de nuestras naciones. Se desarrollar\u00e1 desde el [&hellip;]<\/p>\n","protected":false},"author":1,"featured_media":4419,"comment_status":"closed","ping_status":"closed","sticky":false,"template":"","format":"standard","meta":{"footnotes":""},"categories":[53],"tags":[],"class_list":["post-4418","post","type-post","status-publish","format-standard","has-post-thumbnail","hentry","category-noticias-generales"],"lang":"es","translations":{"es":4418,"pt":4421},"pll_sync_post":[],"post_mailing_queue_ids":[],"_links":{"self":[{"href":"http:\/\/staging.ibermusicas.org\/index.php\/wp-json\/wp\/v2\/posts\/4418","targetHints":{"allow":["GET"]}}],"collection":[{"href":"http:\/\/staging.ibermusicas.org\/index.php\/wp-json\/wp\/v2\/posts"}],"about":[{"href":"http:\/\/staging.ibermusicas.org\/index.php\/wp-json\/wp\/v2\/types\/post"}],"author":[{"embeddable":true,"href":"http:\/\/staging.ibermusicas.org\/index.php\/wp-json\/wp\/v2\/users\/1"}],"replies":[{"embeddable":true,"href":"http:\/\/staging.ibermusicas.org\/index.php\/wp-json\/wp\/v2\/comments?post=4418"}],"version-history":[{"count":1,"href":"http:\/\/staging.ibermusicas.org\/index.php\/wp-json\/wp\/v2\/posts\/4418\/revisions"}],"predecessor-version":[{"id":4420,"href":"http:\/\/staging.ibermusicas.org\/index.php\/wp-json\/wp\/v2\/posts\/4418\/revisions\/4420"}],"wp:featuredmedia":[{"embeddable":true,"href":"http:\/\/staging.ibermusicas.org\/index.php\/wp-json\/wp\/v2\/media\/4419"}],"wp:attachment":[{"href":"http:\/\/staging.ibermusicas.org\/index.php\/wp-json\/wp\/v2\/media?parent=4418"}],"wp:term":[{"taxonomy":"category","embeddable":true,"href":"http:\/\/staging.ibermusicas.org\/index.php\/wp-json\/wp\/v2\/categories?post=4418"},{"taxonomy":"post_tag","embeddable":true,"href":"http:\/\/staging.ibermusicas.org\/index.php\/wp-json\/wp\/v2\/tags?post=4418"}],"curies":[{"name":"wp","href":"https:\/\/api.w.org\/{rel}","templated":true}]}}