{"id":4421,"date":"2021-02-04T11:10:30","date_gmt":"2021-02-04T11:10:30","guid":{"rendered":"http:\/\/staging.ibermusicas.org\/?p=4421"},"modified":"2021-03-01T17:13:38","modified_gmt":"2021-03-01T17:13:38","slug":"o-centro-cultural-la-luna-naranja-de-santa-clara-cuba-inicia-seu-projeto-remolino","status":"publish","type":"post","link":"http:\/\/staging.ibermusicas.org\/index.php\/o-centro-cultural-la-luna-naranja-de-santa-clara-cuba-inicia-seu-projeto-remolino\/","title":{"rendered":"O Centro Cultural La Luna Naranja de Santa Clara, Cuba, inicia seu projeto Remolino"},"content":{"rendered":"<p>O Projeto Remolino, iniciativa do Centro Cultural La Luna Naranja, chegar\u00e1 desde 14 de fevereiro a plataformas digitais como meio de promo\u00e7\u00e3o da can\u00e7\u00e3o de autor cubana e latino-americana contempor\u00e2nea em sua rela\u00e7\u00e3o com outras manifesta\u00e7\u00f5es de arte, g\u00eaneros musicais e abordagens de problem\u00e1ticas sociais de nossas na\u00e7\u00f5es. Se desenvolver\u00e1 a partir do jovem centro cultural que se levanta em Santa Clara, e pretende gerar, atrav\u00e9s de audiovisuais mensagens de respeito, aceita\u00e7\u00e3o e toler\u00e2ncia entre os homens, os povos e as suas culturas.<\/p>\n<p>Segundo o trovador Yordan Romero, diretor de La Luna Naranja, o principal impulso do trabalho \u00e9 manter, transmitir e desenvolver a cultura em suas diferentes variantes. A sele\u00e7\u00e3o dos cantores e artistas convidados atende a mostrar diversida de quanto a elementos como: a rela\u00e7\u00e3o com m\u00fasicos de outros g\u00eaneros, a poesia, a d\u00e9cima, o trabalho para crian\u00e7as, o humor dentro da trova, a fus\u00e3o de ritmos da m\u00fasica tradicional com o jazz; e as express\u00f5es art\u00edsticas dos diferentes cantos da ilha.<\/p>\n<p>Realizar\u00e3o um total de 12 audiovisuais de aproximadamente 12 minutos que conter\u00e3o can\u00e7\u00f5es, entrevistas, leituras de poesia e mostrar\u00e3o, como cen\u00e1rio, importantes lugares da cultura villaclare\u00f1a.<\/p>\n<p>Os materiais come\u00e7ar\u00e3o a ser transmitidos de 14 de fevereiro at\u00e9 11 de setembro deste ano, dia que marca o nascimento de La Trovuntivitis, o j\u00e1 lend\u00e1rio movimento de trovadorea y trovadores de Santa Clara. Este projeto conta com a colabora\u00e7\u00e3o do M\u00e9xico e da Argentina, em proveito do movimento trovadoresco de Santa Clara.<\/p>\n","protected":false},"excerpt":{"rendered":"<p>O Projeto Remolino, iniciativa do Centro Cultural La Luna Naranja, chegar\u00e1 desde 14 de fevereiro a plataformas digitais como meio de promo\u00e7\u00e3o da can\u00e7\u00e3o de autor cubana e latino-americana contempor\u00e2nea em sua rela\u00e7\u00e3o com outras manifesta\u00e7\u00f5es de arte, g\u00eaneros musicais e abordagens de problem\u00e1ticas sociais de nossas na\u00e7\u00f5es. Se desenvolver\u00e1 a partir do jovem centro [&hellip;]<\/p>\n","protected":false},"author":1,"featured_media":4419,"comment_status":"closed","ping_status":"closed","sticky":false,"template":"","format":"standard","meta":{"footnotes":""},"categories":[218],"tags":[],"class_list":["post-4421","post","type-post","status-publish","format-standard","has-post-thumbnail","hentry","category-noticias-generales-pt"],"lang":"pt","translations":{"pt":4421,"es":4418},"pll_sync_post":[],"post_mailing_queue_ids":[],"_links":{"self":[{"href":"http:\/\/staging.ibermusicas.org\/index.php\/wp-json\/wp\/v2\/posts\/4421","targetHints":{"allow":["GET"]}}],"collection":[{"href":"http:\/\/staging.ibermusicas.org\/index.php\/wp-json\/wp\/v2\/posts"}],"about":[{"href":"http:\/\/staging.ibermusicas.org\/index.php\/wp-json\/wp\/v2\/types\/post"}],"author":[{"embeddable":true,"href":"http:\/\/staging.ibermusicas.org\/index.php\/wp-json\/wp\/v2\/users\/1"}],"replies":[{"embeddable":true,"href":"http:\/\/staging.ibermusicas.org\/index.php\/wp-json\/wp\/v2\/comments?post=4421"}],"version-history":[{"count":1,"href":"http:\/\/staging.ibermusicas.org\/index.php\/wp-json\/wp\/v2\/posts\/4421\/revisions"}],"predecessor-version":[{"id":4422,"href":"http:\/\/staging.ibermusicas.org\/index.php\/wp-json\/wp\/v2\/posts\/4421\/revisions\/4422"}],"wp:featuredmedia":[{"embeddable":true,"href":"http:\/\/staging.ibermusicas.org\/index.php\/wp-json\/wp\/v2\/media\/4419"}],"wp:attachment":[{"href":"http:\/\/staging.ibermusicas.org\/index.php\/wp-json\/wp\/v2\/media?parent=4421"}],"wp:term":[{"taxonomy":"category","embeddable":true,"href":"http:\/\/staging.ibermusicas.org\/index.php\/wp-json\/wp\/v2\/categories?post=4421"},{"taxonomy":"post_tag","embeddable":true,"href":"http:\/\/staging.ibermusicas.org\/index.php\/wp-json\/wp\/v2\/tags?post=4421"}],"curies":[{"name":"wp","href":"https:\/\/api.w.org\/{rel}","templated":true}]}}