{"id":4465,"date":"2021-03-01T17:11:02","date_gmt":"2021-03-01T17:11:02","guid":{"rendered":"http:\/\/staging.ibermusicas.org\/?p=4465"},"modified":"2021-09-01T18:06:29","modified_gmt":"2021-09-01T18:06:29","slug":"um-jurado-integrado-por-destacadas-personalidades-da-musica-coral-escolheu-a-obra-ganhadora-do-premio-ibermusicas-de-composicao-para-obra-coral-terceira-edicao-2020","status":"publish","type":"post","link":"http:\/\/staging.ibermusicas.org\/index.php\/um-jurado-integrado-por-destacadas-personalidades-da-musica-coral-escolheu-a-obra-ganhadora-do-premio-ibermusicas-de-composicao-para-obra-coral-terceira-edicao-2020\/","title":{"rendered":"UM JURADO INTEGRADO POR DESTACADAS PERSONALIDADES DA M\u00daSICA CORAL ESCOLHEU A OBRA GANHADORA DO PR\u00caMIO IBERM\u00daSICAS DE COMPOSI\u00c7\u00c3O PARA OBRA CORAL &#8211; TERCEIRA EDI\u00c7\u00c3O \u2013 2020"},"content":{"rendered":"<p>Um j\u00fari integrado pela grande maestra Digna Guerra de Cuba e os maestros Rodrigo Cadet do M\u00e9xico e Esteban Louise do Uruguai avaliaram as 156 obras apresentadas a concurso e elegeram como vencedora <strong>\u00abMartianas\u00bb<\/strong> apresentada sob o pseud\u00f3nimo <strong>Chedaca<\/strong> que corresponde \u00e0 compositora cubana <strong>Beatriz Corona Rodr\u00edguez.<\/strong><\/p>\n<p>O j\u00fari destacou o alt\u00edssimo n\u00edvel compositivo refletido em uma grande quantidade de obras, o que, ao mesmo tempo em que enriqueceu enormemente o material em concurso, gerou um intenso e am\u00e1vel debate entre seus tr\u00eas integrantes.<\/p>\n<p>No texto de apresenta\u00e7\u00e3o da obra a compositora nos diz: <em>Martianas \u00e9 um conjunto de cinco pe\u00e7as corais a capella compostas a partir dos versos de um mesmo poeta como centro formal e est\u00e9tico, com elementos de g\u00eaneros tradicionais em virtude de divulgar, atrav\u00e9s do canto coletivo, a mais relevante obra po\u00e9tica e as ra\u00edzes musicais de nossa cultura.<\/em><\/p>\n<p>O pr\u00eamio para a compositora consiste em USD 8.000 (oito mil d\u00f3lares) e a estr\u00e9ia da obra por parte do Coro Nacional de Cuba sob a dire\u00e7\u00e3o da Maestra Digna Guerra<\/p>\n","protected":false},"excerpt":{"rendered":"<p>Um j\u00fari integrado pela grande maestra Digna Guerra de Cuba e os maestros Rodrigo Cadet do M\u00e9xico e Esteban Louise do Uruguai avaliaram as 156 obras apresentadas a concurso e elegeram como vencedora \u00abMartianas\u00bb apresentada sob o pseud\u00f3nimo Chedaca que corresponde \u00e0 compositora cubana Beatriz Corona Rodr\u00edguez. O j\u00fari destacou o alt\u00edssimo n\u00edvel compositivo refletido [&hellip;]<\/p>\n","protected":false},"author":1,"featured_media":4463,"comment_status":"closed","ping_status":"closed","sticky":false,"template":"","format":"standard","meta":{"footnotes":""},"categories":[218],"tags":[],"class_list":["post-4465","post","type-post","status-publish","format-standard","has-post-thumbnail","hentry","category-noticias-generales-pt"],"lang":"pt","translations":{"pt":4465,"es":4462},"pll_sync_post":[],"post_mailing_queue_ids":[],"_links":{"self":[{"href":"http:\/\/staging.ibermusicas.org\/index.php\/wp-json\/wp\/v2\/posts\/4465","targetHints":{"allow":["GET"]}}],"collection":[{"href":"http:\/\/staging.ibermusicas.org\/index.php\/wp-json\/wp\/v2\/posts"}],"about":[{"href":"http:\/\/staging.ibermusicas.org\/index.php\/wp-json\/wp\/v2\/types\/post"}],"author":[{"embeddable":true,"href":"http:\/\/staging.ibermusicas.org\/index.php\/wp-json\/wp\/v2\/users\/1"}],"replies":[{"embeddable":true,"href":"http:\/\/staging.ibermusicas.org\/index.php\/wp-json\/wp\/v2\/comments?post=4465"}],"version-history":[{"count":1,"href":"http:\/\/staging.ibermusicas.org\/index.php\/wp-json\/wp\/v2\/posts\/4465\/revisions"}],"predecessor-version":[{"id":4466,"href":"http:\/\/staging.ibermusicas.org\/index.php\/wp-json\/wp\/v2\/posts\/4465\/revisions\/4466"}],"wp:featuredmedia":[{"embeddable":true,"href":"http:\/\/staging.ibermusicas.org\/index.php\/wp-json\/wp\/v2\/media\/4463"}],"wp:attachment":[{"href":"http:\/\/staging.ibermusicas.org\/index.php\/wp-json\/wp\/v2\/media?parent=4465"}],"wp:term":[{"taxonomy":"category","embeddable":true,"href":"http:\/\/staging.ibermusicas.org\/index.php\/wp-json\/wp\/v2\/categories?post=4465"},{"taxonomy":"post_tag","embeddable":true,"href":"http:\/\/staging.ibermusicas.org\/index.php\/wp-json\/wp\/v2\/tags?post=4465"}],"curies":[{"name":"wp","href":"https:\/\/api.w.org\/{rel}","templated":true}]}}