{"id":4554,"date":"2021-03-02T17:19:01","date_gmt":"2021-03-02T17:19:01","guid":{"rendered":"http:\/\/staging.ibermusicas.org\/?p=4554"},"modified":"2021-04-06T18:32:17","modified_gmt":"2021-04-06T18:32:17","slug":"a442-rede-internacional-de-vibrafonistas-e-marimbistas-realizara-o-primeiro-de-nove-concertos-virtuais-de-seu-ciclo-casa-ibermusicas","status":"publish","type":"post","link":"http:\/\/staging.ibermusicas.org\/index.php\/a442-rede-internacional-de-vibrafonistas-e-marimbistas-realizara-o-primeiro-de-nove-concertos-virtuais-de-seu-ciclo-casa-ibermusicas\/","title":{"rendered":"A442 Rede Internacional de Vibrafonistas e Marimbistas realizar\u00e1 o primeiro de nove concertos virtuais de seu ciclo casa iberm\u00fasicas"},"content":{"rendered":"<p>A442 Rede Internacional de Vibrafonistas e Marimbistas \u00e9 um coletivo de artistas latino-americanos que no in\u00edcio desta quarentena decidiram come\u00e7ar a tecer la\u00e7os a fim de visualizar e difundir int\u00e9rpretes e compositores latino-americanos de instrumentos de placas e expandir a audi\u00eancia da m\u00fasica para vibr\u00e1fono e marimba.<\/p>\n<p>A A442Red \u00e9 formada por artistas da Col\u00f4mbia, Venezuela; Costa Rica, Porto Rico, Guatemala, Uruguai, Paraguai, Argentina, M\u00e9xico, Equador, Chile, Brasil e Estados Unidos.<\/p>\n<p>Ser\u00e3o parte desta edi\u00e7\u00e3o Rodrigo Kanamori do Chile, Alfredo Betancourt da Guatemala e Jen Mart\u00ednez dos Estados Unidos.<\/p>\n<p>S\u00e1bado 13 de mar\u00e7o 19 hs (hor\u00e1rio do Chile, Argentina e Brasil) em:<br \/>\n<a href=\"https:\/\/lt.dplrmail.com\/d9e05155bd298c6e84bb3fe0f6f8eb30-81868bec073b3970fa62af291f12b42d\" target=\"_blank\" rel=\"noopener\" data-saferedirecturl=\"https:\/\/www.google.com\/url?q=https:\/\/lt.dplrmail.com\/d9e05155bd298c6e84bb3fe0f6f8eb30-81868bec073b3970fa62af291f12b42d&amp;source=gmail&amp;ust=1614791483101000&amp;usg=AFQjCNHVZHqwN5jGIbQeDx8ApukGYbAfpw\">www.facebook.com<\/a><br \/>\n<a href=\"https:\/\/lt.dplrmail.com\/5408e228a6cc1a98f72479b99fa141eb-81868bec073b3970fa62af291f12b42d\" target=\"_blank\" rel=\"noopener\" data-saferedirecturl=\"https:\/\/www.google.com\/url?q=https:\/\/lt.dplrmail.com\/5408e228a6cc1a98f72479b99fa141eb-81868bec073b3970fa62af291f12b42d&amp;source=gmail&amp;ust=1614791483101000&amp;usg=AFQjCNEDnqW5xhKXq3VDAUNwd6EXSoy8sw\">www.youtube.com<\/a><br \/>\nLuego de su emisi\u00f3n, los contenidos estar\u00e1n disponibles en:\u00a0<a href=\"https:\/\/lt.dplrmail.com\/b3777963c6713c7708f00c5409299233-81868bec073b3970fa62af291f12b42d\" target=\"_blank\" rel=\"noopener\" data-saferedirecturl=\"https:\/\/www.google.com\/url?q=https:\/\/lt.dplrmail.com\/b3777963c6713c7708f00c5409299233-81868bec073b3970fa62af291f12b42d&amp;source=gmail&amp;ust=1614791483101000&amp;usg=AFQjCNFI0U1I8nXhnkK7oPscdkoXuKeO4Q\">aqui<\/a><\/p>\n","protected":false},"excerpt":{"rendered":"<p>A442 Rede Internacional de Vibrafonistas e Marimbistas \u00e9 um coletivo de artistas latino-americanos que no in\u00edcio desta quarentena decidiram come\u00e7ar a tecer la\u00e7os a fim de visualizar e difundir int\u00e9rpretes e compositores latino-americanos de instrumentos de placas e expandir a audi\u00eancia da m\u00fasica para vibr\u00e1fono e marimba. A A442Red \u00e9 formada por artistas da Col\u00f4mbia, [&hellip;]<\/p>\n","protected":false},"author":1,"featured_media":4552,"comment_status":"closed","ping_status":"closed","sticky":false,"template":"","format":"standard","meta":{"footnotes":""},"categories":[218],"tags":[],"class_list":["post-4554","post","type-post","status-publish","format-standard","has-post-thumbnail","hentry","category-noticias-generales-pt"],"lang":"pt","translations":{"pt":4554,"es":4551},"pll_sync_post":[],"post_mailing_queue_ids":[],"_links":{"self":[{"href":"http:\/\/staging.ibermusicas.org\/index.php\/wp-json\/wp\/v2\/posts\/4554","targetHints":{"allow":["GET"]}}],"collection":[{"href":"http:\/\/staging.ibermusicas.org\/index.php\/wp-json\/wp\/v2\/posts"}],"about":[{"href":"http:\/\/staging.ibermusicas.org\/index.php\/wp-json\/wp\/v2\/types\/post"}],"author":[{"embeddable":true,"href":"http:\/\/staging.ibermusicas.org\/index.php\/wp-json\/wp\/v2\/users\/1"}],"replies":[{"embeddable":true,"href":"http:\/\/staging.ibermusicas.org\/index.php\/wp-json\/wp\/v2\/comments?post=4554"}],"version-history":[{"count":1,"href":"http:\/\/staging.ibermusicas.org\/index.php\/wp-json\/wp\/v2\/posts\/4554\/revisions"}],"predecessor-version":[{"id":4555,"href":"http:\/\/staging.ibermusicas.org\/index.php\/wp-json\/wp\/v2\/posts\/4554\/revisions\/4555"}],"wp:featuredmedia":[{"embeddable":true,"href":"http:\/\/staging.ibermusicas.org\/index.php\/wp-json\/wp\/v2\/media\/4552"}],"wp:attachment":[{"href":"http:\/\/staging.ibermusicas.org\/index.php\/wp-json\/wp\/v2\/media?parent=4554"}],"wp:term":[{"taxonomy":"category","embeddable":true,"href":"http:\/\/staging.ibermusicas.org\/index.php\/wp-json\/wp\/v2\/categories?post=4554"},{"taxonomy":"post_tag","embeddable":true,"href":"http:\/\/staging.ibermusicas.org\/index.php\/wp-json\/wp\/v2\/tags?post=4554"}],"curies":[{"name":"wp","href":"https:\/\/api.w.org\/{rel}","templated":true}]}}