{"id":4556,"date":"2021-03-02T17:20:48","date_gmt":"2021-03-02T17:20:48","guid":{"rendered":"http:\/\/staging.ibermusicas.org\/?p=4556"},"modified":"2021-04-06T18:30:18","modified_gmt":"2021-04-06T18:30:18","slug":"con-un-concierto-virtual-la-compositora-brasilena-carol-panesi-estrena-la-musica-creada-en-su-residencia-con-eleva-big-band-de-cordoba-argentina","status":"publish","type":"post","link":"http:\/\/staging.ibermusicas.org\/index.php\/con-un-concierto-virtual-la-compositora-brasilena-carol-panesi-estrena-la-musica-creada-en-su-residencia-con-eleva-big-band-de-cordoba-argentina\/","title":{"rendered":"Con un concierto virtual la compositora brasile\u00f1a Carol Panesi estrena la m\u00fasica creada en su residencia con eleva big band de C\u00f3rdoba, Argentina"},"content":{"rendered":"<p>Carol Panesi es ganadora del Premio a los Profesionales de la M\u00fasica &#8211; PPM 2019 como Autora e Instrumentista Femenina, ganadora del Premio Instrumental MIMO 2018. La multiinstrumentista de R\u00edo de Janeiro Carol Panesi (1985) se forma en la transmisi\u00f3n musical universal de Hermeto Pascoal. Con viol\u00edn, piano o trompeta, la m\u00fasica es el faro que gu\u00eda a Carol. Fue miembro, durante 13 a\u00f1os, de Itiber\u00ea Zwarg &amp; Grupo (ex Itiber\u00ea Orquestra Fam\u00edlia), con quien viaj\u00f3 y actu\u00f3 en varios lugares de Brasil y del mundo. En 2018, lanz\u00f3 su primer \u00e1lbum, \u00abPrimeiras Impress\u00f5es\u00bb y, en 2019, su segundo \u00e1lbum \u00abEm Expans\u00e3o\u00bb, ambos grabados con Carol Panesi &amp; Grupo. En febrero de 2021, lanz\u00f3 su tercer \u00e1lbum, el EP \u00abCarol Panesi e Eleva Big Band.<\/p>\n<p>Eleva Big Band es un grupo de 20 artistas mujeres de la Ciudad de C\u00f3rdoba -Argentina formado en marzo de 2019 por mujeres de diferentes edades y antecedentes musicales que se unen para interpretar un repertorio compuesto y arreglado exclusivamente por mujeres del panorama local e internacional. El Grupo tiene como objetivo dar visibilidad, promover y difundir composiciones de artistas de ritmos latinoamericanos y argentinos. Cuenta con el apoyo del Sindicato de M\u00fasicos de la Provincia de C\u00f3rdoba, donde realiza sus ensayos.<\/p>\n<p>En su casa, en un lugar cercano a R\u00edo de Janeiro, la compositora y multinstrumentista Carol Panesi realiz\u00f3, durante gran parte del a\u00f1o 2020, un proceso de residencia compositiva con el grupo Eleva Big Band. Debido a la pandemia, el proyecto tuvo que realizarse de forma remota. Las canciones reflejan el intercambio cultural entre Brasil y Argentina, contemplando la mezcla de ritmos locales y la presencia de instrumentos latinoamericanos como zampo\u00f1as, maracas, bombo, congas, tambores bats y g\u00fciro.<\/p>\n<p>A partir del 26 de febrero estar\u00e1 disponible en todas las plataformas un EP con las obras creadas durante la residencia. El 19 de marzo ser\u00e1 el concierto de lanzamiento, donde se presentar\u00e1 un video documental de todo el proceso, adem\u00e1s del video con las tres obras musicales terminadas. Se transmitir\u00e1 desde el canal de Youtube y el Facebook de Carol Panesi.<\/p>\n<p>Lanzamiento del EP en todas las plataformas digitales:<a href=\"http:\/\/tratore.ffm.to\/carolpanesieleva\" target=\"_blank\" rel=\"noopener\" data-saferedirecturl=\"https:\/\/www.google.com\/url?q=http:\/\/tratore.ffm.to\/carolpanesieleva&amp;source=gmail&amp;ust=1614791483101000&amp;usg=AFQjCNFeDqa8IyYJGk1NZDLKF4rDyEpuig\">\u00a0tratore.ffm.to<\/a><\/p>\n<p>Viernes 19 de marzo, concierto virtual en:<br \/>\n<a href=\"https:\/\/lt.dplrmail.com\/8c45f26a1660e0255c33fea20930edf5-81868bec073b3970fa62af291f12b42d\" target=\"_blank\" rel=\"noopener\" data-saferedirecturl=\"https:\/\/www.google.com\/url?q=https:\/\/lt.dplrmail.com\/8c45f26a1660e0255c33fea20930edf5-81868bec073b3970fa62af291f12b42d&amp;source=gmail&amp;ust=1614791483101000&amp;usg=AFQjCNELOF5fm8rmIdbpxncAhmu0HXyMfg\">www.facebook.com<\/a><br \/>\n<a href=\"https:\/\/lt.dplrmail.com\/a87fe16b3512e59b8908171545eaa530-81868bec073b3970fa62af291f12b42d\" target=\"_blank\" rel=\"noopener\" data-saferedirecturl=\"https:\/\/www.google.com\/url?q=https:\/\/lt.dplrmail.com\/a87fe16b3512e59b8908171545eaa530-81868bec073b3970fa62af291f12b42d&amp;source=gmail&amp;ust=1614791483101000&amp;usg=AFQjCNEO3ciyp8CM7ADteVvrWYP507CTuA\">www.youtube.com<\/a><\/p>\n","protected":false},"excerpt":{"rendered":"<p>Carol Panesi es ganadora del Premio a los Profesionales de la M\u00fasica &#8211; PPM 2019 como Autora e Instrumentista Femenina, ganadora del Premio Instrumental MIMO 2018. La multiinstrumentista de R\u00edo de Janeiro Carol Panesi (1985) se forma en la transmisi\u00f3n musical universal de Hermeto Pascoal. Con viol\u00edn, piano o trompeta, la m\u00fasica es el faro [&hellip;]<\/p>\n","protected":false},"author":1,"featured_media":4557,"comment_status":"closed","ping_status":"closed","sticky":false,"template":"","format":"standard","meta":{"footnotes":""},"categories":[53],"tags":[],"class_list":["post-4556","post","type-post","status-publish","format-standard","has-post-thumbnail","hentry","category-noticias-generales"],"lang":"es","translations":{"es":4556,"pt":4559},"pll_sync_post":[],"post_mailing_queue_ids":[],"_links":{"self":[{"href":"http:\/\/staging.ibermusicas.org\/index.php\/wp-json\/wp\/v2\/posts\/4556","targetHints":{"allow":["GET"]}}],"collection":[{"href":"http:\/\/staging.ibermusicas.org\/index.php\/wp-json\/wp\/v2\/posts"}],"about":[{"href":"http:\/\/staging.ibermusicas.org\/index.php\/wp-json\/wp\/v2\/types\/post"}],"author":[{"embeddable":true,"href":"http:\/\/staging.ibermusicas.org\/index.php\/wp-json\/wp\/v2\/users\/1"}],"replies":[{"embeddable":true,"href":"http:\/\/staging.ibermusicas.org\/index.php\/wp-json\/wp\/v2\/comments?post=4556"}],"version-history":[{"count":1,"href":"http:\/\/staging.ibermusicas.org\/index.php\/wp-json\/wp\/v2\/posts\/4556\/revisions"}],"predecessor-version":[{"id":4558,"href":"http:\/\/staging.ibermusicas.org\/index.php\/wp-json\/wp\/v2\/posts\/4556\/revisions\/4558"}],"wp:featuredmedia":[{"embeddable":true,"href":"http:\/\/staging.ibermusicas.org\/index.php\/wp-json\/wp\/v2\/media\/4557"}],"wp:attachment":[{"href":"http:\/\/staging.ibermusicas.org\/index.php\/wp-json\/wp\/v2\/media?parent=4556"}],"wp:term":[{"taxonomy":"category","embeddable":true,"href":"http:\/\/staging.ibermusicas.org\/index.php\/wp-json\/wp\/v2\/categories?post=4556"},{"taxonomy":"post_tag","embeddable":true,"href":"http:\/\/staging.ibermusicas.org\/index.php\/wp-json\/wp\/v2\/tags?post=4556"}],"curies":[{"name":"wp","href":"https:\/\/api.w.org\/{rel}","templated":true}]}}