{"id":4559,"date":"2021-03-02T17:22:09","date_gmt":"2021-03-02T17:22:09","guid":{"rendered":"http:\/\/staging.ibermusicas.org\/?p=4559"},"modified":"2021-04-06T18:32:26","modified_gmt":"2021-04-06T18:32:26","slug":"con-un-concierto-virtual-la-compositora-brasilena-carol-panesi-estrena-la-musica-creada-en-su-residencia-con-eleva-big-band-de-cordoba-argentina-2","status":"publish","type":"post","link":"http:\/\/staging.ibermusicas.org\/index.php\/con-un-concierto-virtual-la-compositora-brasilena-carol-panesi-estrena-la-musica-creada-en-su-residencia-con-eleva-big-band-de-cordoba-argentina-2\/","title":{"rendered":"Com um concerto virtual, a compositora brasileira Carol Panesi estreia a m\u00fasica criada na sua resid\u00eancia com eleva big band em C\u00f3rdoba, Argentina"},"content":{"rendered":"<p>Carol Panesi \u00e9 vencedora do Pr\u00eamio Profissionais da M\u00fasica &#8211; PPM 2019 como Autora e Instrumentista Feminino, vencedora do Pr\u00eamio MIMO Instrumental 2018. A muli-instrumentista carioca Carol Panesi (1985) tem como forma\u00e7\u00e3o a m\u00fasica universal difundida por Hermeto Pascoal. Ao violino, piano ou trompete, a m\u00fasica \u00e9 o farol que guia Carol. Foi integrante, por 13 anos, do Itiber\u00ea Zwarg &amp; Grupo (antiga Itiber\u00ea Orquestra Fam\u00edlia), com quem viajou e se apresentou por v\u00e1rios lugares do Brasil e do mundo. Em 2018, lan\u00e7ou seu primeiro \u00e1lbum autoral \u201cPrimeiras Impress\u00f5es\u201d e, em 2019, o segundo \u00e1lbum \u201cEm Expans\u00e3o\u201d, ambos gravados com o Carol Panesi &amp; Grupo. Em fevereiro de 2021, lan\u00e7a seu terceiro \u00e1lbum, o EP \u00abCarol Panesi e Eleva Big Band.<\/p>\n<p>Eleva Big Band \u00e9 um grupo de 20 musicistas da Cidade de C\u00f3rdoba &#8211; Argentina formado, em mar\u00e7o de 2019, por mulheres de idades e forma\u00e7\u00f5es musicais diversas que se re\u00fanem para interpretar um repert\u00f3rio composto e arranjado exclusivamente por mulheres da cena local e internacional. O Grupo tem o objetivo de dar visibilidade, fomentar e difundir composi\u00e7\u00f5es de artistas de ritmos latino-americanos e argentinos. Conta com o apoio do Sindicato de M\u00fasicos da Provincia de C\u00f3rdoba, onde realiza seus ensaios.<\/p>\n<p>Em sua casa, num s\u00edtio pr\u00f3ximo ao Rio de Janeiro, a compositora e multinstrumentista Carol Panesi realizou, durante grande parte do ano de 2020, um processo de resid\u00eancia de composi\u00e7\u00e3o junto ao grupo Eleva Big Band. Devido \u00e0 pandemia, o projeto teve que ser efetuado \u00e0 dist\u00e2ncia. As m\u00fasicas refletem o interc\u00e2mbio cultural entre Brasil e Argentina, contemplando a mistura de ritmos dos lugares e a presen\u00e7a de instrumentos latino-americanos como zampo\u00f1as, maracas, bombo leg\u00fcero, congas, tambores bat\u00e1 e g\u00fciro.<\/p>\n<p>A partir de 26 de fevereiro, estar\u00e1 dispon\u00edvel em todas as plataformas, um EP contendo as m\u00fasicas criadas durante a resid\u00eancia. No dia 19 de mar\u00e7o, ser\u00e1 o concerto virtual de lan\u00e7amento, onde ser\u00e1 apresentado um v\u00eddeo document\u00e1rio de todo processo, al\u00e9m do v\u00eddeo com as tr\u00eas obras musicais finalizadas. Ser\u00e1 transmitido no youtube e facebook de Carol Panesi.<\/p>\n<p>Lan\u00e7amento do EP em todas as plataformas digitais:<a href=\"http:\/\/tratore.ffm.to\/carolpanesieleva\" target=\"_blank\" rel=\"noopener\" data-saferedirecturl=\"https:\/\/www.google.com\/url?q=http:\/\/tratore.ffm.to\/carolpanesieleva&amp;source=gmail&amp;ust=1614791483102000&amp;usg=AFQjCNEymq4-bkcdHMAJ_Z5p0QELluiKkw\">\u00a0tratore.ffm.to<\/a><\/p>\n<p>Viernes 19 de marzo, concierto virtual en:<br \/>\n<a href=\"https:\/\/lt.dplrmail.com\/8c45f26a1660e0255c33fea20930edf5-81868bec073b3970fa62af291f12b42d\" target=\"_blank\" rel=\"noopener\" data-saferedirecturl=\"https:\/\/www.google.com\/url?q=https:\/\/lt.dplrmail.com\/8c45f26a1660e0255c33fea20930edf5-81868bec073b3970fa62af291f12b42d&amp;source=gmail&amp;ust=1614791483102000&amp;usg=AFQjCNGYaq7pdKnoGok0h0oD09jixLxw0Q\">www.facebook.com<\/a><br \/>\n<a href=\"https:\/\/lt.dplrmail.com\/a87fe16b3512e59b8908171545eaa530-81868bec073b3970fa62af291f12b42d\" target=\"_blank\" rel=\"noopener\" data-saferedirecturl=\"https:\/\/www.google.com\/url?q=https:\/\/lt.dplrmail.com\/a87fe16b3512e59b8908171545eaa530-81868bec073b3970fa62af291f12b42d&amp;source=gmail&amp;ust=1614791483102000&amp;usg=AFQjCNEDDA2V1l-tl5UfCBdvvuajdT5FQQ\">www.youtube.com<\/a><\/p>\n","protected":false},"excerpt":{"rendered":"<p>Carol Panesi \u00e9 vencedora do Pr\u00eamio Profissionais da M\u00fasica &#8211; PPM 2019 como Autora e Instrumentista Feminino, vencedora do Pr\u00eamio MIMO Instrumental 2018. A muli-instrumentista carioca Carol Panesi (1985) tem como forma\u00e7\u00e3o a m\u00fasica universal difundida por Hermeto Pascoal. Ao violino, piano ou trompete, a m\u00fasica \u00e9 o farol que guia Carol. Foi integrante, por [&hellip;]<\/p>\n","protected":false},"author":1,"featured_media":4557,"comment_status":"closed","ping_status":"closed","sticky":false,"template":"","format":"standard","meta":{"footnotes":""},"categories":[218],"tags":[],"class_list":["post-4559","post","type-post","status-publish","format-standard","has-post-thumbnail","hentry","category-noticias-generales-pt"],"lang":"pt","translations":{"pt":4559,"es":4556},"pll_sync_post":[],"post_mailing_queue_ids":[],"_links":{"self":[{"href":"http:\/\/staging.ibermusicas.org\/index.php\/wp-json\/wp\/v2\/posts\/4559","targetHints":{"allow":["GET"]}}],"collection":[{"href":"http:\/\/staging.ibermusicas.org\/index.php\/wp-json\/wp\/v2\/posts"}],"about":[{"href":"http:\/\/staging.ibermusicas.org\/index.php\/wp-json\/wp\/v2\/types\/post"}],"author":[{"embeddable":true,"href":"http:\/\/staging.ibermusicas.org\/index.php\/wp-json\/wp\/v2\/users\/1"}],"replies":[{"embeddable":true,"href":"http:\/\/staging.ibermusicas.org\/index.php\/wp-json\/wp\/v2\/comments?post=4559"}],"version-history":[{"count":2,"href":"http:\/\/staging.ibermusicas.org\/index.php\/wp-json\/wp\/v2\/posts\/4559\/revisions"}],"predecessor-version":[{"id":4561,"href":"http:\/\/staging.ibermusicas.org\/index.php\/wp-json\/wp\/v2\/posts\/4559\/revisions\/4561"}],"wp:featuredmedia":[{"embeddable":true,"href":"http:\/\/staging.ibermusicas.org\/index.php\/wp-json\/wp\/v2\/media\/4557"}],"wp:attachment":[{"href":"http:\/\/staging.ibermusicas.org\/index.php\/wp-json\/wp\/v2\/media?parent=4559"}],"wp:term":[{"taxonomy":"category","embeddable":true,"href":"http:\/\/staging.ibermusicas.org\/index.php\/wp-json\/wp\/v2\/categories?post=4559"},{"taxonomy":"post_tag","embeddable":true,"href":"http:\/\/staging.ibermusicas.org\/index.php\/wp-json\/wp\/v2\/tags?post=4559"}],"curies":[{"name":"wp","href":"https:\/\/api.w.org\/{rel}","templated":true}]}}