{"id":4565,"date":"2021-03-02T17:25:52","date_gmt":"2021-03-02T17:25:52","guid":{"rendered":"http:\/\/staging.ibermusicas.org\/?p=4565"},"modified":"2021-04-06T18:32:09","modified_gmt":"2021-04-06T18:32:09","slug":"o-coletivo-samba-noir-lanca-online-simultaneamente-no-brasil-e-em-portugal-o-registro-audiovisual-do-espetaculo-samba-noir","status":"publish","type":"post","link":"http:\/\/staging.ibermusicas.org\/index.php\/o-coletivo-samba-noir-lanca-online-simultaneamente-no-brasil-e-em-portugal-o-registro-audiovisual-do-espetaculo-samba-noir\/","title":{"rendered":"O coletivo Samba Noir lan\u00e7a online simultaneamente no Brasil e em Portugal, o registro audiovisual do espet\u00e1culo samba noir"},"content":{"rendered":"<p>Ap\u00f3s turn\u00ea nas principais capitais do Brasil, o Coletivo Samba Noir lan\u00e7a online, simultaneamente no Brasil e em Portugal, o registro audiovisual do espet\u00e1culo Samba Noir gravado durante a pandemia, no teatro Firjan Sesi Centro, no Rio de Janeiro, o registro conta com dire\u00e7\u00e3o de arte e videocen\u00e1rio de Batman Zavarese (Tribalistas\/ Los Hermanos\/ Festival Multiplicidade). Integram ainda a os workshops dos integrantes do grupo: \u201cPandeiro e percuss\u00e3o brasileira\u201d, com Marcos Suzano, e \u201cPanorama hist\u00f3rico do samba\u201d, com Lu\u00eds Filipe de Lima.<\/p>\n<p>Com percuss\u00f5es sampleadas, baixo synth, texturas eletr\u00f4nicas, viol\u00e3o de sete cordas e voz, o quarteto Coletivo Samba Noir interpreta cl\u00e1ssicos da m\u00fasica brasileira que versam sobre o amor, suas dores e impossibilidades. Valendo-se de linguagem c\u00eanica e musical singular, cuja inspira\u00e7\u00e3o surge da atmosfera densa do cinema noir, o Coletivo promove o encontro de quatro destacados nomes da cena musical do Rio de Janeiro, com trajet\u00f3rias bastante diversas: Katia B (voz e guitarra), Marcos Suzano (ritmo e voz), Lu\u00eds Filipe de Lima (viol\u00e3o de sete cordas) e Guilherme G\u00ea (teclado e voz). O quarteto tem sua performance emoldurada por proje\u00e7\u00f5es de imagens e videografia em espa\u00e7os n\u00e3o-convencionais, como tecidos e fuma\u00e7a.<\/p>\n<p>No repert\u00f3rio do Coletivo, alguns dos mais c\u00e9lebres compositores brasileiros inspirados pela dor-de-cotovelo: Nelson Cavaquinho, Lupic\u00ednio Rodrigues, Ary Barroso, Cartola e Noel Rosa, entre outros. Estas can\u00e7\u00f5es remetem a duas importantes refer\u00eancias musicais, o piano-bar e os grupos de choro e seresta, aqui subvertidas por uma arrojada forma\u00e7\u00e3o instrumental que combina a percuss\u00e3o personal\u00edssima de Marcos Suzano com o viol\u00e3o de sete cordas casti\u00e7o de Lu\u00eds Filipe de Lima, e que mistura a voz sens\u00edvel e densa de Katia B \u00e0 experimenta\u00e7\u00e3o requintada de Guilherme G\u00ea, com sonoridades eletr\u00f4nicas e linhas de baixo sub-graves executadas no teclado.<\/p>\n<p>Vanguarda e tradi\u00e7\u00e3o unem-se, no Coletivo Samba Noir, para render homenagens \u00e0s can\u00e7\u00f5es atemporais que falam de amores imposs\u00edveis, solid\u00e3o, ang\u00fastia e desassossego.<\/p>\n<p>Sexta-feira 26 de mar\u00e7o, Coletivo Samba Noir, show e workshops em:<\/p>\n<p><a href=\"https:\/\/lt.dplrmail.com\/70c9ba72eeab9256d588881378600c67-81868bec073b3970fa62af291f12b42d\" target=\"_blank\" rel=\"noopener\" data-saferedirecturl=\"https:\/\/www.google.com\/url?q=https:\/\/lt.dplrmail.com\/70c9ba72eeab9256d588881378600c67-81868bec073b3970fa62af291f12b42d&amp;source=gmail&amp;ust=1614791483102000&amp;usg=AFQjCNGqpAG_AHc0f_JF_tNolL1-SB-l0g\">www.facebook.com<\/a><br \/>\n<a href=\"https:\/\/lt.dplrmail.com\/756aba39597df53014ca44a6fe7fed2c-81868bec073b3970fa62af291f12b42d\" target=\"_blank\" rel=\"noopener\" data-saferedirecturl=\"https:\/\/www.google.com\/url?q=https:\/\/lt.dplrmail.com\/756aba39597df53014ca44a6fe7fed2c-81868bec073b3970fa62af291f12b42d&amp;source=gmail&amp;ust=1614791483102000&amp;usg=AFQjCNE_5cPO9tL47ogVIwmj6AnQdLtH-A\">www.youtube.com<\/a><br \/>\n<a href=\"https:\/\/lt.dplrmail.com\/87bbec1b5acbae02aea5ded5b2fba3de-81868bec073b3970fa62af291f12b42d\" target=\"_blank\" rel=\"noopener\" data-saferedirecturl=\"https:\/\/www.google.com\/url?q=https:\/\/lt.dplrmail.com\/87bbec1b5acbae02aea5ded5b2fba3de-81868bec073b3970fa62af291f12b42d&amp;source=gmail&amp;ust=1614791483102000&amp;usg=AFQjCNGsVymrVPxiv1omQttWwdzqr9a6DA\">www.instagram.com<\/a><br \/>\n<a href=\"https:\/\/lt.dplrmail.com\/efa6a3f2e4dec158a03e3188215dab95-81868bec073b3970fa62af291f12b42d\" target=\"_blank\" rel=\"noopener\" data-saferedirecturl=\"https:\/\/www.google.com\/url?q=https:\/\/lt.dplrmail.com\/efa6a3f2e4dec158a03e3188215dab95-81868bec073b3970fa62af291f12b42d&amp;source=gmail&amp;ust=1614791483102000&amp;usg=AFQjCNGIrX3j3Hp0fWLvumuHN95wNBUL3A\">www.youtube.com<\/a><\/p>\n","protected":false},"excerpt":{"rendered":"<p>Ap\u00f3s turn\u00ea nas principais capitais do Brasil, o Coletivo Samba Noir lan\u00e7a online, simultaneamente no Brasil e em Portugal, o registro audiovisual do espet\u00e1culo Samba Noir gravado durante a pandemia, no teatro Firjan Sesi Centro, no Rio de Janeiro, o registro conta com dire\u00e7\u00e3o de arte e videocen\u00e1rio de Batman Zavarese (Tribalistas\/ Los Hermanos\/ Festival [&hellip;]<\/p>\n","protected":false},"author":1,"featured_media":4563,"comment_status":"closed","ping_status":"closed","sticky":false,"template":"","format":"standard","meta":{"footnotes":""},"categories":[218],"tags":[],"class_list":["post-4565","post","type-post","status-publish","format-standard","has-post-thumbnail","hentry","category-noticias-generales-pt"],"lang":"pt","translations":{"pt":4565,"es":4562},"pll_sync_post":[],"post_mailing_queue_ids":[],"_links":{"self":[{"href":"http:\/\/staging.ibermusicas.org\/index.php\/wp-json\/wp\/v2\/posts\/4565","targetHints":{"allow":["GET"]}}],"collection":[{"href":"http:\/\/staging.ibermusicas.org\/index.php\/wp-json\/wp\/v2\/posts"}],"about":[{"href":"http:\/\/staging.ibermusicas.org\/index.php\/wp-json\/wp\/v2\/types\/post"}],"author":[{"embeddable":true,"href":"http:\/\/staging.ibermusicas.org\/index.php\/wp-json\/wp\/v2\/users\/1"}],"replies":[{"embeddable":true,"href":"http:\/\/staging.ibermusicas.org\/index.php\/wp-json\/wp\/v2\/comments?post=4565"}],"version-history":[{"count":1,"href":"http:\/\/staging.ibermusicas.org\/index.php\/wp-json\/wp\/v2\/posts\/4565\/revisions"}],"predecessor-version":[{"id":4566,"href":"http:\/\/staging.ibermusicas.org\/index.php\/wp-json\/wp\/v2\/posts\/4565\/revisions\/4566"}],"wp:featuredmedia":[{"embeddable":true,"href":"http:\/\/staging.ibermusicas.org\/index.php\/wp-json\/wp\/v2\/media\/4563"}],"wp:attachment":[{"href":"http:\/\/staging.ibermusicas.org\/index.php\/wp-json\/wp\/v2\/media?parent=4565"}],"wp:term":[{"taxonomy":"category","embeddable":true,"href":"http:\/\/staging.ibermusicas.org\/index.php\/wp-json\/wp\/v2\/categories?post=4565"},{"taxonomy":"post_tag","embeddable":true,"href":"http:\/\/staging.ibermusicas.org\/index.php\/wp-json\/wp\/v2\/tags?post=4565"}],"curies":[{"name":"wp","href":"https:\/\/api.w.org\/{rel}","templated":true}]}}