{"id":4572,"date":"2021-03-02T17:30:20","date_gmt":"2021-03-02T17:30:20","guid":{"rendered":"http:\/\/staging.ibermusicas.org\/?p=4572"},"modified":"2021-04-06T18:29:48","modified_gmt":"2021-04-06T18:29:48","slug":"con-la-participacion-de-guitarristas-chilenos-y-argentinos-se-realizara-una-edicion-virtual-del-festival-guitarras-a-la-patagonia","status":"publish","type":"post","link":"http:\/\/staging.ibermusicas.org\/index.php\/con-la-participacion-de-guitarristas-chilenos-y-argentinos-se-realizara-una-edicion-virtual-del-festival-guitarras-a-la-patagonia\/","title":{"rendered":"Con la participaci\u00f3n de guitarristas chilenos y argentinos se realizar\u00e1 una edici\u00f3n virtual del festival \u201cGuitarras a la patagonia\u201d"},"content":{"rendered":"<p>Guitarras de la Patagonia es un evento musical del conf\u00edn del mundo: la Patagonia Sur, que surge a partir del encuentro de guitarristas de ambos lados de la cordillera y de los paisajes ant\u00e1rticos: Javier Contreras Galindo y Hugo Mu\u00f1oz, originarios de Punta Arenas (Chile) y H\u00e9ctor \u201cChucu\u201d Rodr\u00edguez, originario de R\u00edo Turbio (Argentina). Dichos m\u00fasicos, a lo largo de su trayectoria, se han desempe\u00f1ado tanto como int\u00e9rpretes y compositores, y estar\u00e1n compartiendo diferentes piezas en un concierto en formato virtual.<\/p>\n<p>Guitarras de la Patagonia propiciar\u00e1 la difusi\u00f3n de las creaciones de los m\u00fasicos convocados junto a invitadas e invitados especiales: Karina Contreras Galindo, Luc\u00eda Torres y Manuel Contreras.<\/p>\n<p>A lo largo de todo el evento, se podr\u00e1 disfrutar de un lenguaje musical inspirado en la desgarrada geograf\u00eda de la Patagonia: su viento, su clima, su gente, sus recuerdos y nostalgias. La premisa que inspira Guitarras de la Patagonia consiste en que a pesar de que los m\u00fasicos que se presentar\u00e1n habiten y visiten diferentes lugares del continente, llevan dentro suyo las caracter\u00edsticas del conf\u00edn austral del mundo.<\/p>\n<p>25, 26, 27 y 28 de marzo del 2021 a las 21:00 hs. (hora de Chile) por el Canal de\u00a0<a href=\"https:\/\/lt.dplrmail.com\/6365961c0cbe872fc68242cd266b54f2-81868bec073b3970fa62af291f12b42d\" target=\"_blank\" rel=\"noopener\" data-saferedirecturl=\"https:\/\/www.google.com\/url?q=https:\/\/lt.dplrmail.com\/6365961c0cbe872fc68242cd266b54f2-81868bec073b3970fa62af291f12b42d&amp;source=gmail&amp;ust=1614791483102000&amp;usg=AFQjCNGxezxuj8RlUC3a_HBACQRt6dkrsA\">YouTube<\/a>\u00a0de UMAG TV (Canal de Televisi\u00f3n de la Universidad de Punta Arenas)<\/p>\n","protected":false},"excerpt":{"rendered":"<p>Guitarras de la Patagonia es un evento musical del conf\u00edn del mundo: la Patagonia Sur, que surge a partir del encuentro de guitarristas de ambos lados de la cordillera y de los paisajes ant\u00e1rticos: Javier Contreras Galindo y Hugo Mu\u00f1oz, originarios de Punta Arenas (Chile) y H\u00e9ctor \u201cChucu\u201d Rodr\u00edguez, originario de R\u00edo Turbio (Argentina). Dichos [&hellip;]<\/p>\n","protected":false},"author":1,"featured_media":4573,"comment_status":"closed","ping_status":"closed","sticky":false,"template":"","format":"standard","meta":{"footnotes":""},"categories":[53],"tags":[],"class_list":["post-4572","post","type-post","status-publish","format-standard","has-post-thumbnail","hentry","category-noticias-generales"],"lang":"es","translations":{"es":4572,"pt":4575},"pll_sync_post":[],"post_mailing_queue_ids":[],"_links":{"self":[{"href":"http:\/\/staging.ibermusicas.org\/index.php\/wp-json\/wp\/v2\/posts\/4572","targetHints":{"allow":["GET"]}}],"collection":[{"href":"http:\/\/staging.ibermusicas.org\/index.php\/wp-json\/wp\/v2\/posts"}],"about":[{"href":"http:\/\/staging.ibermusicas.org\/index.php\/wp-json\/wp\/v2\/types\/post"}],"author":[{"embeddable":true,"href":"http:\/\/staging.ibermusicas.org\/index.php\/wp-json\/wp\/v2\/users\/1"}],"replies":[{"embeddable":true,"href":"http:\/\/staging.ibermusicas.org\/index.php\/wp-json\/wp\/v2\/comments?post=4572"}],"version-history":[{"count":1,"href":"http:\/\/staging.ibermusicas.org\/index.php\/wp-json\/wp\/v2\/posts\/4572\/revisions"}],"predecessor-version":[{"id":4574,"href":"http:\/\/staging.ibermusicas.org\/index.php\/wp-json\/wp\/v2\/posts\/4572\/revisions\/4574"}],"wp:featuredmedia":[{"embeddable":true,"href":"http:\/\/staging.ibermusicas.org\/index.php\/wp-json\/wp\/v2\/media\/4573"}],"wp:attachment":[{"href":"http:\/\/staging.ibermusicas.org\/index.php\/wp-json\/wp\/v2\/media?parent=4572"}],"wp:term":[{"taxonomy":"category","embeddable":true,"href":"http:\/\/staging.ibermusicas.org\/index.php\/wp-json\/wp\/v2\/categories?post=4572"},{"taxonomy":"post_tag","embeddable":true,"href":"http:\/\/staging.ibermusicas.org\/index.php\/wp-json\/wp\/v2\/tags?post=4572"}],"curies":[{"name":"wp","href":"https:\/\/api.w.org\/{rel}","templated":true}]}}