{"id":4575,"date":"2021-03-02T17:31:38","date_gmt":"2021-03-02T17:31:38","guid":{"rendered":"http:\/\/staging.ibermusicas.org\/?p=4575"},"modified":"2021-04-06T18:31:55","modified_gmt":"2021-04-06T18:31:55","slug":"com-a-participacao-de-musicos-chilenos-e-argentinos-sera-realizada-uma-edicao-virtual-do-festival-guitarras-a-la-patagonia","status":"publish","type":"post","link":"http:\/\/staging.ibermusicas.org\/index.php\/com-a-participacao-de-musicos-chilenos-e-argentinos-sera-realizada-uma-edicao-virtual-do-festival-guitarras-a-la-patagonia\/","title":{"rendered":"Com a participa\u00e7\u00e3o de m\u00fasicos chilenos e argentinos, ser\u00e1 realizada uma edi\u00e7\u00e3o virtual do festival \u201cGuitarras a la patagonia\u201d"},"content":{"rendered":"<p>Guitarras de la Patagonia \u00e9 um evento musical do limite do mundo: a Patag\u00f4nia Sul, que surge do encontro de violonistas dos dois lados da cordilheira e das paisagens ant\u00e1rticas: Javier Contreras Galindo e Hugo Mu\u00f1oz, origin\u00e1rios de Punta Arenas (Chile ) e H\u00e9ctor \u201cChucu\u201d Rodr\u00edguez, natural de R\u00edo Turbio (Argentina). Esses m\u00fasicos, ao longo de sua carreira, t\u00eam se apresentado como int\u00e9rpretes e compositores, e estar\u00e3o compartilhando diferentes pe\u00e7as em um show virtual.<\/p>\n<p>Guitarras de la Patagonia promover\u00e1 a divulga\u00e7\u00e3o das cria\u00e7\u00f5es dos m\u00fasicos convocados juntamente com os convidados e convidados especiais: Karina Contreras Galindo, Luc\u00eda Torres e Manuel Contreras.<\/p>\n<p>Ao longo do evento, poder\u00e1-se desfrutar de uma linguagem musical inspirada na geografia rasgada da Patag\u00f4nia: seu vento, seu clima, sua gente, suas mem\u00f3rias e saudades. A premissa que inspira Guitarras de la Patagonia \u00e9 que apesar de os m\u00fasicos que se apresentarem ao vivo sejam de diferentes partes do continente, eles carregam consigo as caracter\u00edsticas do extremo sul do mundo.<\/p>\n<p>25, 26, 27 e 28 de mar\u00e7o de 2021 \u00e0s 21h00 (Hor\u00e1rio do Chile) pelo Canal\u00a0<a href=\"https:\/\/lt.dplrmail.com\/6365961c0cbe872fc68242cd266b54f2-81868bec073b3970fa62af291f12b42d\" target=\"_blank\" rel=\"noopener\" data-saferedirecturl=\"https:\/\/www.google.com\/url?q=https:\/\/lt.dplrmail.com\/6365961c0cbe872fc68242cd266b54f2-81868bec073b3970fa62af291f12b42d&amp;source=gmail&amp;ust=1614791483102000&amp;usg=AFQjCNGxezxuj8RlUC3a_HBACQRt6dkrsA\">YouTube<\/a>\u00a0da UMAG TV(Canal de Televis\u00e3o da Universidade de Punta Arenas)<\/p>\n","protected":false},"excerpt":{"rendered":"<p>Guitarras de la Patagonia \u00e9 um evento musical do limite do mundo: a Patag\u00f4nia Sul, que surge do encontro de violonistas dos dois lados da cordilheira e das paisagens ant\u00e1rticas: Javier Contreras Galindo e Hugo Mu\u00f1oz, origin\u00e1rios de Punta Arenas (Chile ) e H\u00e9ctor \u201cChucu\u201d Rodr\u00edguez, natural de R\u00edo Turbio (Argentina). Esses m\u00fasicos, ao longo [&hellip;]<\/p>\n","protected":false},"author":1,"featured_media":4573,"comment_status":"closed","ping_status":"closed","sticky":false,"template":"","format":"standard","meta":{"footnotes":""},"categories":[218],"tags":[],"class_list":["post-4575","post","type-post","status-publish","format-standard","has-post-thumbnail","hentry","category-noticias-generales-pt"],"lang":"pt","translations":{"pt":4575,"es":4572},"pll_sync_post":[],"post_mailing_queue_ids":[],"_links":{"self":[{"href":"http:\/\/staging.ibermusicas.org\/index.php\/wp-json\/wp\/v2\/posts\/4575","targetHints":{"allow":["GET"]}}],"collection":[{"href":"http:\/\/staging.ibermusicas.org\/index.php\/wp-json\/wp\/v2\/posts"}],"about":[{"href":"http:\/\/staging.ibermusicas.org\/index.php\/wp-json\/wp\/v2\/types\/post"}],"author":[{"embeddable":true,"href":"http:\/\/staging.ibermusicas.org\/index.php\/wp-json\/wp\/v2\/users\/1"}],"replies":[{"embeddable":true,"href":"http:\/\/staging.ibermusicas.org\/index.php\/wp-json\/wp\/v2\/comments?post=4575"}],"version-history":[{"count":1,"href":"http:\/\/staging.ibermusicas.org\/index.php\/wp-json\/wp\/v2\/posts\/4575\/revisions"}],"predecessor-version":[{"id":4576,"href":"http:\/\/staging.ibermusicas.org\/index.php\/wp-json\/wp\/v2\/posts\/4575\/revisions\/4576"}],"wp:featuredmedia":[{"embeddable":true,"href":"http:\/\/staging.ibermusicas.org\/index.php\/wp-json\/wp\/v2\/media\/4573"}],"wp:attachment":[{"href":"http:\/\/staging.ibermusicas.org\/index.php\/wp-json\/wp\/v2\/media?parent=4575"}],"wp:term":[{"taxonomy":"category","embeddable":true,"href":"http:\/\/staging.ibermusicas.org\/index.php\/wp-json\/wp\/v2\/categories?post=4575"},{"taxonomy":"post_tag","embeddable":true,"href":"http:\/\/staging.ibermusicas.org\/index.php\/wp-json\/wp\/v2\/tags?post=4575"}],"curies":[{"name":"wp","href":"https:\/\/api.w.org\/{rel}","templated":true}]}}