{"id":4586,"date":"2021-03-02T17:37:41","date_gmt":"2021-03-02T17:37:41","guid":{"rendered":"http:\/\/staging.ibermusicas.org\/?p=4586"},"modified":"2021-04-06T18:31:42","modified_gmt":"2021-04-06T18:31:42","slug":"do-centro-cultural-a-luna-naranja-de-santa-clara-cuba-chega-uma-nova-edicao-de-remolino","status":"publish","type":"post","link":"http:\/\/staging.ibermusicas.org\/index.php\/do-centro-cultural-a-luna-naranja-de-santa-clara-cuba-chega-uma-nova-edicao-de-remolino\/","title":{"rendered":"Do centro cultural a Luna Naranja de Santa Clara, Cuba, chega uma nova edi\u00e7\u00e3o de remolino"},"content":{"rendered":"<p>O Projeto Remolino, iniciativa do Centro Cultural La Luna Naranja, \u00e9 um meio de promo\u00e7\u00e3o da can\u00e7\u00e3o de autor cubana e latino-americana contempor\u00e2nea em sua rela\u00e7\u00e3o com outras manifesta\u00e7\u00f5es de arte, g\u00eaneros musicais e abordagens de problem\u00e1ticas sociais de nossas na\u00e7\u00f5es. Desenvolve-se desde o jovem centro cultural que se levanta em Santa Clara, e pretende gerar, atrav\u00e9s de audiovisuais, mensagens de respeito, aceita\u00e7\u00e3o e toler\u00e2ncia entre os homens, os povos e as suas culturas.<\/p>\n<p>Remolino chega agora com seu cap\u00edtulo dois: Fadas, gravado no Bosque dos Tamarindos, ao p\u00e9 de La Loma del Capiro e que tem como convidadas D\u00e9borah Garc\u00eda e Yaily Orozco que contam, entre m\u00fasica e poesia, o porqu\u00ea da inclina\u00e7\u00e3o para o p\u00fablico infantil, algumas interioridades da cria\u00e7\u00e3o para este segmento et\u00e1rio e do prazer que se sente ao ver correspondidos os anelos que impulsionam sua arte.<\/p>\n<p>Este projeto conta com a colabora\u00e7\u00e3o do M\u00e9xico e da Argentina, em proveito do movimento trovadoresco de Santa Clara.<\/p>\n<p>1er programa en\u00a0<a href=\"https:\/\/lt.dplrmail.com\/bec415c14252a94a975c6e2e3fd4585e-81868bec073b3970fa62af291f12b42d\" target=\"_blank\" rel=\"noopener\" data-saferedirecturl=\"https:\/\/www.google.com\/url?q=https:\/\/lt.dplrmail.com\/bec415c14252a94a975c6e2e3fd4585e-81868bec073b3970fa62af291f12b42d&amp;source=gmail&amp;ust=1614791483103000&amp;usg=AFQjCNHEgaSv4LULskKcF1URzcnGykbdVg\">www.youtube.com<\/a><br \/>\n2do programa en\u00a0<a href=\"https:\/\/lt.dplrmail.com\/e0095c91260c22fbb1aa85c52d74df6a-81868bec073b3970fa62af291f12b42d\" target=\"_blank\" rel=\"noopener\" data-saferedirecturl=\"https:\/\/www.google.com\/url?q=https:\/\/lt.dplrmail.com\/e0095c91260c22fbb1aa85c52d74df6a-81868bec073b3970fa62af291f12b42d&amp;source=gmail&amp;ust=1614791483103000&amp;usg=AFQjCNHIXuPHDnQjYmbAfrXGw42XdiEDBA\">www.youtube.com<\/a><\/p>\n","protected":false},"excerpt":{"rendered":"<p>O Projeto Remolino, iniciativa do Centro Cultural La Luna Naranja, \u00e9 um meio de promo\u00e7\u00e3o da can\u00e7\u00e3o de autor cubana e latino-americana contempor\u00e2nea em sua rela\u00e7\u00e3o com outras manifesta\u00e7\u00f5es de arte, g\u00eaneros musicais e abordagens de problem\u00e1ticas sociais de nossas na\u00e7\u00f5es. Desenvolve-se desde o jovem centro cultural que se levanta em Santa Clara, e pretende [&hellip;]<\/p>\n","protected":false},"author":1,"featured_media":4584,"comment_status":"closed","ping_status":"closed","sticky":false,"template":"","format":"standard","meta":{"footnotes":""},"categories":[218],"tags":[],"class_list":["post-4586","post","type-post","status-publish","format-standard","has-post-thumbnail","hentry","category-noticias-generales-pt"],"lang":"pt","translations":{"pt":4586,"es":4583},"pll_sync_post":[],"post_mailing_queue_ids":[],"_links":{"self":[{"href":"http:\/\/staging.ibermusicas.org\/index.php\/wp-json\/wp\/v2\/posts\/4586","targetHints":{"allow":["GET"]}}],"collection":[{"href":"http:\/\/staging.ibermusicas.org\/index.php\/wp-json\/wp\/v2\/posts"}],"about":[{"href":"http:\/\/staging.ibermusicas.org\/index.php\/wp-json\/wp\/v2\/types\/post"}],"author":[{"embeddable":true,"href":"http:\/\/staging.ibermusicas.org\/index.php\/wp-json\/wp\/v2\/users\/1"}],"replies":[{"embeddable":true,"href":"http:\/\/staging.ibermusicas.org\/index.php\/wp-json\/wp\/v2\/comments?post=4586"}],"version-history":[{"count":1,"href":"http:\/\/staging.ibermusicas.org\/index.php\/wp-json\/wp\/v2\/posts\/4586\/revisions"}],"predecessor-version":[{"id":4587,"href":"http:\/\/staging.ibermusicas.org\/index.php\/wp-json\/wp\/v2\/posts\/4586\/revisions\/4587"}],"wp:featuredmedia":[{"embeddable":true,"href":"http:\/\/staging.ibermusicas.org\/index.php\/wp-json\/wp\/v2\/media\/4584"}],"wp:attachment":[{"href":"http:\/\/staging.ibermusicas.org\/index.php\/wp-json\/wp\/v2\/media?parent=4586"}],"wp:term":[{"taxonomy":"category","embeddable":true,"href":"http:\/\/staging.ibermusicas.org\/index.php\/wp-json\/wp\/v2\/categories?post=4586"},{"taxonomy":"post_tag","embeddable":true,"href":"http:\/\/staging.ibermusicas.org\/index.php\/wp-json\/wp\/v2\/tags?post=4586"}],"curies":[{"name":"wp","href":"https:\/\/api.w.org\/{rel}","templated":true}]}}