{"id":4588,"date":"2021-03-02T17:38:54","date_gmt":"2021-03-02T17:38:54","guid":{"rendered":"http:\/\/staging.ibermusicas.org\/?p=4588"},"modified":"2021-04-06T18:29:27","modified_gmt":"2021-04-06T18:29:27","slug":"la-fundacion-danilo-perez-continua-con-su-ciclo-conexion-musical-panamena-esta-vez-con-la-presencia-de-la-violoncellista-uruguaya-karina-nunez","status":"publish","type":"post","link":"http:\/\/staging.ibermusicas.org\/index.php\/la-fundacion-danilo-perez-continua-con-su-ciclo-conexion-musical-panamena-esta-vez-con-la-presencia-de-la-violoncellista-uruguaya-karina-nunez\/","title":{"rendered":"La fundaci\u00f3n Danilo P\u00e9rez contin\u00faa con su ciclo conexi\u00f3n musical paname\u00f1a, esta vez con la presencia de la violoncellista uruguaya Karina N\u00fa\u00f1ez"},"content":{"rendered":"<p>La Fundaci\u00f3n Danilo P\u00e9rez es una organizaci\u00f3n sin fines de lucro que promueve tutor\u00edas, formaci\u00f3n y estimulaci\u00f3n musical para ni\u00f1os, ni\u00f1as, adolescentes y j\u00f3venes con talento para la m\u00fasica y carreras afines. Impulsan el desarrollo integral a trav\u00e9s de la ense\u00f1anza musical, sin importar condici\u00f3n socioecon\u00f3mica, con la finalidad de que los beneficiarios se conviertan en profesionales.<\/p>\n<p>El proyecto Conexi\u00f3n Musical Paname\u00f1a consiste en brindar actividades de educaci\u00f3n musical continua y gratuita en formato virtual para facilitar a estudiantes paname\u00f1os y de Iberoam\u00e9rica el acceso a saberes transmitidos por artistas y profesores de m\u00fasica nacional e internacional. Cuentan con una plataforma de m\u00e1s de 100 artistas y educadores que apoyan los proyectos sociales y educativos de la Fundaci\u00f3n Danilo P\u00e9rez desde diversas partes del mundo.<\/p>\n<p>Jueves 25 de marzo, 17 hs. (horario de Panam\u00e1) en\u00a0<a href=\"https:\/\/lt.dplrmail.com\/ef1f4e49c826075cdb25bd8e22b32290-81868bec073b3970fa62af291f12b42d\" target=\"_blank\" rel=\"noopener\" data-saferedirecturl=\"https:\/\/www.google.com\/url?q=https:\/\/lt.dplrmail.com\/ef1f4e49c826075cdb25bd8e22b32290-81868bec073b3970fa62af291f12b42d&amp;source=gmail&amp;ust=1614791483103000&amp;usg=AFQjCNHwni4BGdgfEh_ZEc-zyyo_HSv-Uw\">linktr.ee\/<\/a><\/p>\n","protected":false},"excerpt":{"rendered":"<p>La Fundaci\u00f3n Danilo P\u00e9rez es una organizaci\u00f3n sin fines de lucro que promueve tutor\u00edas, formaci\u00f3n y estimulaci\u00f3n musical para ni\u00f1os, ni\u00f1as, adolescentes y j\u00f3venes con talento para la m\u00fasica y carreras afines. Impulsan el desarrollo integral a trav\u00e9s de la ense\u00f1anza musical, sin importar condici\u00f3n socioecon\u00f3mica, con la finalidad de que los beneficiarios se conviertan [&hellip;]<\/p>\n","protected":false},"author":1,"featured_media":4589,"comment_status":"closed","ping_status":"closed","sticky":false,"template":"","format":"standard","meta":{"footnotes":""},"categories":[53],"tags":[],"class_list":["post-4588","post","type-post","status-publish","format-standard","has-post-thumbnail","hentry","category-noticias-generales"],"lang":"es","translations":{"es":4588,"pt":4591},"pll_sync_post":[],"post_mailing_queue_ids":[],"_links":{"self":[{"href":"http:\/\/staging.ibermusicas.org\/index.php\/wp-json\/wp\/v2\/posts\/4588","targetHints":{"allow":["GET"]}}],"collection":[{"href":"http:\/\/staging.ibermusicas.org\/index.php\/wp-json\/wp\/v2\/posts"}],"about":[{"href":"http:\/\/staging.ibermusicas.org\/index.php\/wp-json\/wp\/v2\/types\/post"}],"author":[{"embeddable":true,"href":"http:\/\/staging.ibermusicas.org\/index.php\/wp-json\/wp\/v2\/users\/1"}],"replies":[{"embeddable":true,"href":"http:\/\/staging.ibermusicas.org\/index.php\/wp-json\/wp\/v2\/comments?post=4588"}],"version-history":[{"count":1,"href":"http:\/\/staging.ibermusicas.org\/index.php\/wp-json\/wp\/v2\/posts\/4588\/revisions"}],"predecessor-version":[{"id":4590,"href":"http:\/\/staging.ibermusicas.org\/index.php\/wp-json\/wp\/v2\/posts\/4588\/revisions\/4590"}],"wp:featuredmedia":[{"embeddable":true,"href":"http:\/\/staging.ibermusicas.org\/index.php\/wp-json\/wp\/v2\/media\/4589"}],"wp:attachment":[{"href":"http:\/\/staging.ibermusicas.org\/index.php\/wp-json\/wp\/v2\/media?parent=4588"}],"wp:term":[{"taxonomy":"category","embeddable":true,"href":"http:\/\/staging.ibermusicas.org\/index.php\/wp-json\/wp\/v2\/categories?post=4588"},{"taxonomy":"post_tag","embeddable":true,"href":"http:\/\/staging.ibermusicas.org\/index.php\/wp-json\/wp\/v2\/tags?post=4588"}],"curies":[{"name":"wp","href":"https:\/\/api.w.org\/{rel}","templated":true}]}}