{"id":4593,"date":"2021-03-02T17:41:48","date_gmt":"2021-03-02T17:41:48","guid":{"rendered":"http:\/\/staging.ibermusicas.org\/?p=4593"},"modified":"2021-04-06T18:29:20","modified_gmt":"2021-04-06T18:29:20","slug":"con-conciertos-y-entrevistas-se-realizara-en-modalidad-virtual-el-ciclo-mujeres-de-iberoamerica-en-el-jazz-durante-los-cuatro-sabados-de-marzo","status":"publish","type":"post","link":"http:\/\/staging.ibermusicas.org\/index.php\/con-conciertos-y-entrevistas-se-realizara-en-modalidad-virtual-el-ciclo-mujeres-de-iberoamerica-en-el-jazz-durante-los-cuatro-sabados-de-marzo\/","title":{"rendered":"Con conciertos y entrevistas se realizar\u00e1 en modalidad virtual el ciclo \u201cMujeres de Iberoam\u00e9rica en el Jazz\u201d durante los cuatro s\u00e1bados de marzo"},"content":{"rendered":"<p>\u201cMujeres de Iberoam\u00e9rica en el jazz\u201d es un proyecto conformado por un colectivo de mujeres m\u00fasicas reunidas para pensar y crear acciones en conjunto como compositoras de jazz y m\u00fasica creativa. En respuesta a la invitaci\u00f3n del festival \u00abWomen in Jazz 2021\u00bb realizar\u00e1n cuatro conciertos representando a mujeres de Iberoam\u00e9rica en el jazz. El objetivo principal es impulsar y exponer la creaci\u00f3n regional a nivel mundial, reafirmar la integraci\u00f3n, la diversidad art\u00edstica y la equidad de g\u00e9nero y al mismo tiempo, fortalecer los lazos de uni\u00f3n y cooperaci\u00f3n entre pa\u00edses de Latinoam\u00e9rica.<\/p>\n<p>S\u00e1bado 6 de marzo 20 hs (hora de Uruguay) concierto del Ingrid Feniger Grupo (Argentina).<br \/>\ns\u00e1bado 13 de marzo 18 hs (hora de Uruguay) concierto de Luc\u00eda Boffo (Argentina).<br \/>\ns\u00e1bado 20 de marzo 20 hs (hora de Uruguay) concierto de Patricia L\u00f3pez (Uruguay).<br \/>\ns\u00e1bado 27 de marzo 20 hs (hora de Uruguay) concierto de Luz Cuadros (Chile).<\/p>\n<p>En\u00a0<a href=\"https:\/\/lt.dplrmail.com\/c45cffcd790c00ff9d922f06044f446b-81868bec073b3970fa62af291f12b42d\" target=\"_blank\" rel=\"noopener\" data-saferedirecturl=\"https:\/\/www.google.com\/url?q=https:\/\/lt.dplrmail.com\/c45cffcd790c00ff9d922f06044f446b-81868bec073b3970fa62af291f12b42d&amp;source=gmail&amp;ust=1614791483103000&amp;usg=AFQjCNGSL2U-SPXDufz5ucZQb0dfkq---Q\">www.instagram.com<\/a><br \/>\nEn\u00a0<a href=\"https:\/\/lt.dplrmail.com\/5cad69fb9f0040f514f48de62adf05b1-81868bec073b3970fa62af291f12b42d\" target=\"_blank\" rel=\"noopener\" data-saferedirecturl=\"https:\/\/www.google.com\/url?q=https:\/\/lt.dplrmail.com\/5cad69fb9f0040f514f48de62adf05b1-81868bec073b3970fa62af291f12b42d&amp;source=gmail&amp;ust=1614791483103000&amp;usg=AFQjCNEw7xNR1Rq_ixjYbOk7wZWssX4FVw\">washingtonwomeninjazz.com<\/a><\/p>\n","protected":false},"excerpt":{"rendered":"<p>\u201cMujeres de Iberoam\u00e9rica en el jazz\u201d es un proyecto conformado por un colectivo de mujeres m\u00fasicas reunidas para pensar y crear acciones en conjunto como compositoras de jazz y m\u00fasica creativa. En respuesta a la invitaci\u00f3n del festival \u00abWomen in Jazz 2021\u00bb realizar\u00e1n cuatro conciertos representando a mujeres de Iberoam\u00e9rica en el jazz. El objetivo [&hellip;]<\/p>\n","protected":false},"author":1,"featured_media":4594,"comment_status":"closed","ping_status":"closed","sticky":false,"template":"","format":"standard","meta":{"footnotes":""},"categories":[53],"tags":[],"class_list":["post-4593","post","type-post","status-publish","format-standard","has-post-thumbnail","hentry","category-noticias-generales"],"lang":"es","translations":{"es":4593,"pt":4596},"pll_sync_post":[],"post_mailing_queue_ids":[],"_links":{"self":[{"href":"http:\/\/staging.ibermusicas.org\/index.php\/wp-json\/wp\/v2\/posts\/4593","targetHints":{"allow":["GET"]}}],"collection":[{"href":"http:\/\/staging.ibermusicas.org\/index.php\/wp-json\/wp\/v2\/posts"}],"about":[{"href":"http:\/\/staging.ibermusicas.org\/index.php\/wp-json\/wp\/v2\/types\/post"}],"author":[{"embeddable":true,"href":"http:\/\/staging.ibermusicas.org\/index.php\/wp-json\/wp\/v2\/users\/1"}],"replies":[{"embeddable":true,"href":"http:\/\/staging.ibermusicas.org\/index.php\/wp-json\/wp\/v2\/comments?post=4593"}],"version-history":[{"count":1,"href":"http:\/\/staging.ibermusicas.org\/index.php\/wp-json\/wp\/v2\/posts\/4593\/revisions"}],"predecessor-version":[{"id":4595,"href":"http:\/\/staging.ibermusicas.org\/index.php\/wp-json\/wp\/v2\/posts\/4593\/revisions\/4595"}],"wp:featuredmedia":[{"embeddable":true,"href":"http:\/\/staging.ibermusicas.org\/index.php\/wp-json\/wp\/v2\/media\/4594"}],"wp:attachment":[{"href":"http:\/\/staging.ibermusicas.org\/index.php\/wp-json\/wp\/v2\/media?parent=4593"}],"wp:term":[{"taxonomy":"category","embeddable":true,"href":"http:\/\/staging.ibermusicas.org\/index.php\/wp-json\/wp\/v2\/categories?post=4593"},{"taxonomy":"post_tag","embeddable":true,"href":"http:\/\/staging.ibermusicas.org\/index.php\/wp-json\/wp\/v2\/tags?post=4593"}],"curies":[{"name":"wp","href":"https:\/\/api.w.org\/{rel}","templated":true}]}}