{"id":4596,"date":"2021-03-02T17:43:35","date_gmt":"2021-03-02T17:43:35","guid":{"rendered":"http:\/\/staging.ibermusicas.org\/?p=4596"},"modified":"2021-04-06T18:31:28","modified_gmt":"2021-04-06T18:31:28","slug":"com-concertos-e-entrevistas-se-realizara-em-modalidade-virtual-o-ciclo-mulheres-de-iberoamerica-no-jazz-durante-os-quatro-sabados-de-marco","status":"publish","type":"post","link":"http:\/\/staging.ibermusicas.org\/index.php\/com-concertos-e-entrevistas-se-realizara-em-modalidade-virtual-o-ciclo-mulheres-de-iberoamerica-no-jazz-durante-os-quatro-sabados-de-marco\/","title":{"rendered":"Com concertos e entrevistas se realizar\u00e1 em modalidade virtual o ciclo \u00abMulheres de Iberoam\u00e9rica no Jazz\u00bb durante os quatro s\u00e1bados de mar\u00e7o"},"content":{"rendered":"<p>\u00abMulheres de Iberoam\u00e9rica no jazz\u00bb \u00e9 um projeto composto por um coletivo de mulheres m\u00fasicas reunidas para pensar e criar a\u00e7\u00f5es em conjunto como compositoras de jazz e m\u00fasica criativa. Em resposta ao convite do festival \u00abWomen in Jazz 2021\u00bb v\u00e3o realizar quatro concertos representando mulheres ibero-americanas no jazz. O objetivo principal \u00e9 impulsionar e expor a cria\u00e7\u00e3o regional em n\u00edvel mundial, reafirmar a integra\u00e7\u00e3o, a diversidade art\u00edstica e a equidade de g\u00eanero e, ao mesmo tempo, fortalecer os la\u00e7os de uni\u00e3o e coopera\u00e7\u00e3o entre pa\u00edses da Am\u00e9rica Latina.<\/p>\n<p>S\u00e1bado 6 de mar\u00e7o 20 hs (hora do Uruguai) concerto do Ingrid Feniger Grupo (Argentina).<br \/>\nS\u00e1bado 13 de mar\u00e7o 18 hs (hora do Uruguai) concerto de Lucia Boffo (Argentina).<br \/>\nS\u00e1bado 20 de mar\u00e7o 20hs (hora do Uruguai) concerto de Patricia L\u00f3pez (Uruguai).<br \/>\nS\u00e1bado 27 de mar\u00e7o 20 hs (hora de Uruguai) concerto de Luz Cuadros (Chile)<\/p>\n<p>En\u00a0<a href=\"https:\/\/lt.dplrmail.com\/c45cffcd790c00ff9d922f06044f446b-81868bec073b3970fa62af291f12b42d\" target=\"_blank\" rel=\"noopener\" data-saferedirecturl=\"https:\/\/www.google.com\/url?q=https:\/\/lt.dplrmail.com\/c45cffcd790c00ff9d922f06044f446b-81868bec073b3970fa62af291f12b42d&amp;source=gmail&amp;ust=1614791483103000&amp;usg=AFQjCNGSL2U-SPXDufz5ucZQb0dfkq---Q\">www.instagram.com<\/a><br \/>\nEn\u00a0<a href=\"https:\/\/lt.dplrmail.com\/5cad69fb9f0040f514f48de62adf05b1-81868bec073b3970fa62af291f12b42d\" target=\"_blank\" rel=\"noopener\" data-saferedirecturl=\"https:\/\/www.google.com\/url?q=https:\/\/lt.dplrmail.com\/5cad69fb9f0040f514f48de62adf05b1-81868bec073b3970fa62af291f12b42d&amp;source=gmail&amp;ust=1614791483104000&amp;usg=AFQjCNE55Sh-mES1M6DfSHq1A8PeJtrwbg\">washingtonwomeninjazz.com<\/a><\/p>\n","protected":false},"excerpt":{"rendered":"<p>\u00abMulheres de Iberoam\u00e9rica no jazz\u00bb \u00e9 um projeto composto por um coletivo de mulheres m\u00fasicas reunidas para pensar e criar a\u00e7\u00f5es em conjunto como compositoras de jazz e m\u00fasica criativa. Em resposta ao convite do festival \u00abWomen in Jazz 2021\u00bb v\u00e3o realizar quatro concertos representando mulheres ibero-americanas no jazz. O objetivo principal \u00e9 impulsionar e [&hellip;]<\/p>\n","protected":false},"author":1,"featured_media":4594,"comment_status":"closed","ping_status":"closed","sticky":false,"template":"","format":"standard","meta":{"footnotes":""},"categories":[218],"tags":[],"class_list":["post-4596","post","type-post","status-publish","format-standard","has-post-thumbnail","hentry","category-noticias-generales-pt"],"lang":"pt","translations":{"pt":4596,"es":4593},"pll_sync_post":[],"post_mailing_queue_ids":[],"_links":{"self":[{"href":"http:\/\/staging.ibermusicas.org\/index.php\/wp-json\/wp\/v2\/posts\/4596","targetHints":{"allow":["GET"]}}],"collection":[{"href":"http:\/\/staging.ibermusicas.org\/index.php\/wp-json\/wp\/v2\/posts"}],"about":[{"href":"http:\/\/staging.ibermusicas.org\/index.php\/wp-json\/wp\/v2\/types\/post"}],"author":[{"embeddable":true,"href":"http:\/\/staging.ibermusicas.org\/index.php\/wp-json\/wp\/v2\/users\/1"}],"replies":[{"embeddable":true,"href":"http:\/\/staging.ibermusicas.org\/index.php\/wp-json\/wp\/v2\/comments?post=4596"}],"version-history":[{"count":1,"href":"http:\/\/staging.ibermusicas.org\/index.php\/wp-json\/wp\/v2\/posts\/4596\/revisions"}],"predecessor-version":[{"id":4597,"href":"http:\/\/staging.ibermusicas.org\/index.php\/wp-json\/wp\/v2\/posts\/4596\/revisions\/4597"}],"wp:featuredmedia":[{"embeddable":true,"href":"http:\/\/staging.ibermusicas.org\/index.php\/wp-json\/wp\/v2\/media\/4594"}],"wp:attachment":[{"href":"http:\/\/staging.ibermusicas.org\/index.php\/wp-json\/wp\/v2\/media?parent=4596"}],"wp:term":[{"taxonomy":"category","embeddable":true,"href":"http:\/\/staging.ibermusicas.org\/index.php\/wp-json\/wp\/v2\/categories?post=4596"},{"taxonomy":"post_tag","embeddable":true,"href":"http:\/\/staging.ibermusicas.org\/index.php\/wp-json\/wp\/v2\/tags?post=4596"}],"curies":[{"name":"wp","href":"https:\/\/api.w.org\/{rel}","templated":true}]}}