{"id":4598,"date":"2021-03-02T17:45:09","date_gmt":"2021-03-02T17:45:09","guid":{"rendered":"http:\/\/staging.ibermusicas.org\/?p=4598"},"modified":"2021-04-06T18:28:54","modified_gmt":"2021-04-06T18:28:54","slug":"desde-chile-se-inicio-el-encuentro-de-musica-en-el-bosque-nativo-festival-rukachukaw","status":"publish","type":"post","link":"http:\/\/staging.ibermusicas.org\/index.php\/desde-chile-se-inicio-el-encuentro-de-musica-en-el-bosque-nativo-festival-rukachukaw\/","title":{"rendered":"Desde Chile se inici\u00f3 el encuentro de m\u00fasica en el Bosque Nativo &#8211; Festival Rukachukaw"},"content":{"rendered":"<p>\u00abEncuentro de M\u00fasica en el Bosque nativo Festival Rukachukaw (\u201cLa Casa del Chukaw\u201d), se trata de tres d\u00edas de conciertos, turismo cultural y actividades ecol\u00f3gicas. Una invitaci\u00f3n auto gestionada por y entre personas para expresarse a favor del cuidado y preservaci\u00f3n de los Bosques Nativos Australes Milenarios visibilizando a m\u00fasicos de las regiones del sur de Chile, acerc\u00e1ndolos a la industria musical y brindando un espacio al dialogo, gesti\u00f3n e intercambio.<\/p>\n<p>A causa de la pandemia fue transmitido v\u00eda streaming sumando la invitaci\u00f3n a artistas internacionales que apoyan la causa permitiendo llevar este mensaje a m\u00e1s personas para concientizar y educar sobre la importancia de los bosques nativos australes.<\/p>\n<p>Como parte de las actividades del festival habr\u00e1 sesiones de m\u00fasica y c\u00e1psulas de contenido ecol\u00f3gico que se realizar\u00e1n todos los meses.<\/p>\n<p>Transmisi\u00f3n por Facebook Live y YouTube:<\/p>\n<p><a href=\"https:\/\/lt.dplrmail.com\/29e5bcd0eeff329d75d3d3abf76828c6-81868bec073b3970fa62af291f12b42d\" target=\"_blank\" rel=\"noopener\" data-saferedirecturl=\"https:\/\/www.google.com\/url?q=https:\/\/lt.dplrmail.com\/29e5bcd0eeff329d75d3d3abf76828c6-81868bec073b3970fa62af291f12b42d&amp;source=gmail&amp;ust=1614791483104000&amp;usg=AFQjCNHVegKsEaKIIqEDB_oxTjcuJNlArQ\">@encuentro_bosque_rukachukaw<\/a><br \/>\n<a href=\"https:\/\/lt.dplrmail.com\/08d63970e98d5c020b77463d6bc15c4e-81868bec073b3970fa62af291f12b42d\" target=\"_blank\" rel=\"noopener\" data-saferedirecturl=\"https:\/\/www.google.com\/url?q=https:\/\/lt.dplrmail.com\/08d63970e98d5c020b77463d6bc15c4e-81868bec073b3970fa62af291f12b42d&amp;source=gmail&amp;ust=1614791483104000&amp;usg=AFQjCNGGvwf6fAVVcK8h73sAdu5SiVlPSA\">@amigosdesolar<\/a><br \/>\n<a href=\"https:\/\/lt.dplrmail.com\/17c095e779044b603dac5218c565f46b-81868bec073b3970fa62af291f12b42d\" target=\"_blank\" rel=\"noopener\" data-saferedirecturl=\"https:\/\/www.google.com\/url?q=https:\/\/lt.dplrmail.com\/17c095e779044b603dac5218c565f46b-81868bec073b3970fa62af291f12b42d&amp;source=gmail&amp;ust=1614791483104000&amp;usg=AFQjCNGx0CzeIbyAixJNoBYInLloAvmFvA\">@blackout.revista<\/a><\/p>\n","protected":false},"excerpt":{"rendered":"<p>\u00abEncuentro de M\u00fasica en el Bosque nativo Festival Rukachukaw (\u201cLa Casa del Chukaw\u201d), se trata de tres d\u00edas de conciertos, turismo cultural y actividades ecol\u00f3gicas. Una invitaci\u00f3n auto gestionada por y entre personas para expresarse a favor del cuidado y preservaci\u00f3n de los Bosques Nativos Australes Milenarios visibilizando a m\u00fasicos de las regiones del sur [&hellip;]<\/p>\n","protected":false},"author":1,"featured_media":4599,"comment_status":"closed","ping_status":"closed","sticky":false,"template":"","format":"standard","meta":{"footnotes":""},"categories":[53],"tags":[],"class_list":["post-4598","post","type-post","status-publish","format-standard","has-post-thumbnail","hentry","category-noticias-generales"],"lang":"es","translations":{"es":4598,"pt":4601},"pll_sync_post":[],"post_mailing_queue_ids":[],"_links":{"self":[{"href":"http:\/\/staging.ibermusicas.org\/index.php\/wp-json\/wp\/v2\/posts\/4598","targetHints":{"allow":["GET"]}}],"collection":[{"href":"http:\/\/staging.ibermusicas.org\/index.php\/wp-json\/wp\/v2\/posts"}],"about":[{"href":"http:\/\/staging.ibermusicas.org\/index.php\/wp-json\/wp\/v2\/types\/post"}],"author":[{"embeddable":true,"href":"http:\/\/staging.ibermusicas.org\/index.php\/wp-json\/wp\/v2\/users\/1"}],"replies":[{"embeddable":true,"href":"http:\/\/staging.ibermusicas.org\/index.php\/wp-json\/wp\/v2\/comments?post=4598"}],"version-history":[{"count":1,"href":"http:\/\/staging.ibermusicas.org\/index.php\/wp-json\/wp\/v2\/posts\/4598\/revisions"}],"predecessor-version":[{"id":4600,"href":"http:\/\/staging.ibermusicas.org\/index.php\/wp-json\/wp\/v2\/posts\/4598\/revisions\/4600"}],"wp:featuredmedia":[{"embeddable":true,"href":"http:\/\/staging.ibermusicas.org\/index.php\/wp-json\/wp\/v2\/media\/4599"}],"wp:attachment":[{"href":"http:\/\/staging.ibermusicas.org\/index.php\/wp-json\/wp\/v2\/media?parent=4598"}],"wp:term":[{"taxonomy":"category","embeddable":true,"href":"http:\/\/staging.ibermusicas.org\/index.php\/wp-json\/wp\/v2\/categories?post=4598"},{"taxonomy":"post_tag","embeddable":true,"href":"http:\/\/staging.ibermusicas.org\/index.php\/wp-json\/wp\/v2\/tags?post=4598"}],"curies":[{"name":"wp","href":"https:\/\/api.w.org\/{rel}","templated":true}]}}