{"id":4601,"date":"2021-03-02T17:46:20","date_gmt":"2021-03-02T17:46:20","guid":{"rendered":"http:\/\/staging.ibermusicas.org\/?p=4601"},"modified":"2021-04-06T18:31:21","modified_gmt":"2021-04-06T18:31:21","slug":"desde-chile-se-inicio-el-encuentro-de-musica-en-el-bosque-nativo-festival-rukachukaw-2","status":"publish","type":"post","link":"http:\/\/staging.ibermusicas.org\/index.php\/desde-chile-se-inicio-el-encuentro-de-musica-en-el-bosque-nativo-festival-rukachukaw-2\/","title":{"rendered":"Do Chile come\u00e7ou o encontro de m\u00fasica no Bosque Nativo &#8211; Festival Rukachukaw"},"content":{"rendered":"<p>\u00abEncontro de M\u00fasica no Bosque nativo Festival Rukachukaw (\u00abA casa do Chukaw\u00bb), trata-se de tr\u00eas dias de concertos, turismo cultural e atividades ecol\u00f3gicas. Um convite auto-gerido por e entre pessoas para expressar-se a favor do cuidado e preserva\u00e7\u00e3o dos Bosques Nativos Australes Milen\u00e1rios visibilizando a m\u00fasicos das regi\u00f5es do sul do Chile, aproximando-os \u00e0 ind\u00fastria musical e brindando um espa\u00e7o ao di\u00e1logo, gest\u00e3o e interc\u00e2mbio.<\/p>\n<p>Por causa da pandemia foi transmitida via streaming somando o convite a artistas internacionais que apoiam a causa permitindo levar esta mensagem a mais pessoas para conscientizar e educar sobre a import\u00e2ncia das florestas nativas australes.<\/p>\n<p>Como parte das atividades do festival haver\u00e1 sess\u00f5es de m\u00fasica e c\u00e1psulas de conte\u00fado ecol\u00f3gico que ser\u00e3o realizadas todos os meses.<\/p>\n<p>Transmiss\u00e3o pelo Facebook Live e YouTube:<\/p>\n<p><a href=\"https:\/\/lt.dplrmail.com\/29e5bcd0eeff329d75d3d3abf76828c6-81868bec073b3970fa62af291f12b42d\" target=\"_blank\" rel=\"noopener\" data-saferedirecturl=\"https:\/\/www.google.com\/url?q=https:\/\/lt.dplrmail.com\/29e5bcd0eeff329d75d3d3abf76828c6-81868bec073b3970fa62af291f12b42d&amp;source=gmail&amp;ust=1614791483104000&amp;usg=AFQjCNHVegKsEaKIIqEDB_oxTjcuJNlArQ\">@encuentro_bosque_rukachukaw<\/a><br \/>\n<a href=\"https:\/\/lt.dplrmail.com\/08d63970e98d5c020b77463d6bc15c4e-81868bec073b3970fa62af291f12b42d\" target=\"_blank\" rel=\"noopener\" data-saferedirecturl=\"https:\/\/www.google.com\/url?q=https:\/\/lt.dplrmail.com\/08d63970e98d5c020b77463d6bc15c4e-81868bec073b3970fa62af291f12b42d&amp;source=gmail&amp;ust=1614791483104000&amp;usg=AFQjCNGGvwf6fAVVcK8h73sAdu5SiVlPSA\">@amigosdesolar<\/a><br \/>\n<a href=\"https:\/\/lt.dplrmail.com\/17c095e779044b603dac5218c565f46b-81868bec073b3970fa62af291f12b42d\" target=\"_blank\" rel=\"noopener\" data-saferedirecturl=\"https:\/\/www.google.com\/url?q=https:\/\/lt.dplrmail.com\/17c095e779044b603dac5218c565f46b-81868bec073b3970fa62af291f12b42d&amp;source=gmail&amp;ust=1614791483104000&amp;usg=AFQjCNGx0CzeIbyAixJNoBYInLloAvmFvA\">@blackout.revista<\/a><\/p>\n","protected":false},"excerpt":{"rendered":"<p>\u00abEncontro de M\u00fasica no Bosque nativo Festival Rukachukaw (\u00abA casa do Chukaw\u00bb), trata-se de tr\u00eas dias de concertos, turismo cultural e atividades ecol\u00f3gicas. Um convite auto-gerido por e entre pessoas para expressar-se a favor do cuidado e preserva\u00e7\u00e3o dos Bosques Nativos Australes Milen\u00e1rios visibilizando a m\u00fasicos das regi\u00f5es do sul do Chile, aproximando-os \u00e0 ind\u00fastria [&hellip;]<\/p>\n","protected":false},"author":1,"featured_media":4599,"comment_status":"closed","ping_status":"closed","sticky":false,"template":"","format":"standard","meta":{"footnotes":""},"categories":[218],"tags":[],"class_list":["post-4601","post","type-post","status-publish","format-standard","has-post-thumbnail","hentry","category-noticias-generales-pt"],"lang":"pt","translations":{"pt":4601,"es":4598},"pll_sync_post":[],"post_mailing_queue_ids":[],"_links":{"self":[{"href":"http:\/\/staging.ibermusicas.org\/index.php\/wp-json\/wp\/v2\/posts\/4601","targetHints":{"allow":["GET"]}}],"collection":[{"href":"http:\/\/staging.ibermusicas.org\/index.php\/wp-json\/wp\/v2\/posts"}],"about":[{"href":"http:\/\/staging.ibermusicas.org\/index.php\/wp-json\/wp\/v2\/types\/post"}],"author":[{"embeddable":true,"href":"http:\/\/staging.ibermusicas.org\/index.php\/wp-json\/wp\/v2\/users\/1"}],"replies":[{"embeddable":true,"href":"http:\/\/staging.ibermusicas.org\/index.php\/wp-json\/wp\/v2\/comments?post=4601"}],"version-history":[{"count":2,"href":"http:\/\/staging.ibermusicas.org\/index.php\/wp-json\/wp\/v2\/posts\/4601\/revisions"}],"predecessor-version":[{"id":4603,"href":"http:\/\/staging.ibermusicas.org\/index.php\/wp-json\/wp\/v2\/posts\/4601\/revisions\/4603"}],"wp:featuredmedia":[{"embeddable":true,"href":"http:\/\/staging.ibermusicas.org\/index.php\/wp-json\/wp\/v2\/media\/4599"}],"wp:attachment":[{"href":"http:\/\/staging.ibermusicas.org\/index.php\/wp-json\/wp\/v2\/media?parent=4601"}],"wp:term":[{"taxonomy":"category","embeddable":true,"href":"http:\/\/staging.ibermusicas.org\/index.php\/wp-json\/wp\/v2\/categories?post=4601"},{"taxonomy":"post_tag","embeddable":true,"href":"http:\/\/staging.ibermusicas.org\/index.php\/wp-json\/wp\/v2\/tags?post=4601"}],"curies":[{"name":"wp","href":"https:\/\/api.w.org\/{rel}","templated":true}]}}