{"id":4604,"date":"2021-03-02T17:48:25","date_gmt":"2021-03-02T17:48:25","guid":{"rendered":"http:\/\/staging.ibermusicas.org\/?p=4604"},"modified":"2021-04-06T18:28:48","modified_gmt":"2021-04-06T18:28:48","slug":"la-artista-argentina-marcia-muller-y-la-mexicana-nadia-robles-realizaran-una-presentacion-conjunta-en-el-marco-de-mujer-latinoamericana-de-punta-a-punta","status":"publish","type":"post","link":"http:\/\/staging.ibermusicas.org\/index.php\/la-artista-argentina-marcia-muller-y-la-mexicana-nadia-robles-realizaran-una-presentacion-conjunta-en-el-marco-de-mujer-latinoamericana-de-punta-a-punta\/","title":{"rendered":"La artista argentina Marcia M\u00fcller y la mexicana Nadia Robles realizar\u00e1n una presentaci\u00f3n conjunta en el marco de Mujer Latinoamericana de punta a punta"},"content":{"rendered":"<p>\u201cMujer latinoamericana de punta a punta\u201d es el nombre del encuentro entre la argentina Marcia M\u00fcller en acorde\u00f3n a botones y la mexicana Nadia Robles en bajo sexto. Un homenaje a la mujer m\u00fasica de Latinoam\u00e9rica, en el contexto del mes de la mujer, desde ambos extremos de Am\u00e9rica Latina. Un encuentro entre dos culturas geogr\u00e1ficamente distantes, pero con tantas similitudes en el sentir de la cultura popular, del folklore de sus tierras, de las luchas por la igualdad de derechos, tanto de g\u00e9nero, \u00e9tnicos, humanos. Ser\u00e1 un encuentro musical en donde ambas int\u00e9rpretes compartir\u00e1n sus m\u00fasicas y se atrever\u00e1n a intercambiar ritmos musicales del pa\u00eds hermano.<\/p>\n<p>Sus caminos musicales se encontraron cuando ambas formaron parte del Encuentro Vallenato Femenino (EVAFE) en Valledupar, Colombia, en 2019. A partir de esa experiencia, pensaron en una forma de visibilizar su trabajo en los dos pa\u00edses. De esa b\u00fasqueda surgi\u00f3 la idea de presentar un proyecto a Iberm\u00fasicas para la realizaci\u00f3n de un concierto streaming.<\/p>\n<p>S\u00e1bado 6 de marzo, 22 hs (Argentina), 19 hs (M\u00e9xico) en los canales de Youtube Marcia M\u00fcller Oficial y Nidia Nadia Lizhet<\/p>\n","protected":false},"excerpt":{"rendered":"<p>\u201cMujer latinoamericana de punta a punta\u201d es el nombre del encuentro entre la argentina Marcia M\u00fcller en acorde\u00f3n a botones y la mexicana Nadia Robles en bajo sexto. Un homenaje a la mujer m\u00fasica de Latinoam\u00e9rica, en el contexto del mes de la mujer, desde ambos extremos de Am\u00e9rica Latina. Un encuentro entre dos culturas [&hellip;]<\/p>\n","protected":false},"author":1,"featured_media":4605,"comment_status":"closed","ping_status":"closed","sticky":false,"template":"","format":"standard","meta":{"footnotes":""},"categories":[53],"tags":[],"class_list":["post-4604","post","type-post","status-publish","format-standard","has-post-thumbnail","hentry","category-noticias-generales"],"lang":"es","translations":{"es":4604,"pt":4607},"pll_sync_post":[],"post_mailing_queue_ids":[],"_links":{"self":[{"href":"http:\/\/staging.ibermusicas.org\/index.php\/wp-json\/wp\/v2\/posts\/4604","targetHints":{"allow":["GET"]}}],"collection":[{"href":"http:\/\/staging.ibermusicas.org\/index.php\/wp-json\/wp\/v2\/posts"}],"about":[{"href":"http:\/\/staging.ibermusicas.org\/index.php\/wp-json\/wp\/v2\/types\/post"}],"author":[{"embeddable":true,"href":"http:\/\/staging.ibermusicas.org\/index.php\/wp-json\/wp\/v2\/users\/1"}],"replies":[{"embeddable":true,"href":"http:\/\/staging.ibermusicas.org\/index.php\/wp-json\/wp\/v2\/comments?post=4604"}],"version-history":[{"count":1,"href":"http:\/\/staging.ibermusicas.org\/index.php\/wp-json\/wp\/v2\/posts\/4604\/revisions"}],"predecessor-version":[{"id":4606,"href":"http:\/\/staging.ibermusicas.org\/index.php\/wp-json\/wp\/v2\/posts\/4604\/revisions\/4606"}],"wp:featuredmedia":[{"embeddable":true,"href":"http:\/\/staging.ibermusicas.org\/index.php\/wp-json\/wp\/v2\/media\/4605"}],"wp:attachment":[{"href":"http:\/\/staging.ibermusicas.org\/index.php\/wp-json\/wp\/v2\/media?parent=4604"}],"wp:term":[{"taxonomy":"category","embeddable":true,"href":"http:\/\/staging.ibermusicas.org\/index.php\/wp-json\/wp\/v2\/categories?post=4604"},{"taxonomy":"post_tag","embeddable":true,"href":"http:\/\/staging.ibermusicas.org\/index.php\/wp-json\/wp\/v2\/tags?post=4604"}],"curies":[{"name":"wp","href":"https:\/\/api.w.org\/{rel}","templated":true}]}}