{"id":4607,"date":"2021-03-02T17:49:24","date_gmt":"2021-03-02T17:49:24","guid":{"rendered":"http:\/\/staging.ibermusicas.org\/?p=4607"},"modified":"2021-04-06T18:31:15","modified_gmt":"2021-04-06T18:31:15","slug":"a-artista-argentina-marcia-muller-e-a-mexicana-nadia-robles-farao-uma-apresentacao-conjunta-no-marco-de-mulher-latino-americana-de-ponta-a-ponta","status":"publish","type":"post","link":"http:\/\/staging.ibermusicas.org\/index.php\/a-artista-argentina-marcia-muller-e-a-mexicana-nadia-robles-farao-uma-apresentacao-conjunta-no-marco-de-mulher-latino-americana-de-ponta-a-ponta\/","title":{"rendered":"A artista argentina Marcia M\u00fcller e a mexicana Nadia Robles far\u00e3o uma apresenta\u00e7\u00e3o conjunta no marco de Mulher Latino-americana de ponta a ponta"},"content":{"rendered":"<p>\u00abMulher latino-americana de ponta a ponta\u00bb \u00e9 o nome do encontro entre a argentina Marcia M\u00fcller em acorde\u00e3o a bot\u00f5es e a mexicana Nadia Robles em baJo sexto. Uma homenagem \u00e0 mulher m\u00fasica da Am\u00e9rica Latina, no contexto do m\u00eas da mulher, de ambos os extremos da Am\u00e9rica Latina. Um encontro entre duas culturas geograficamente distantes, mas com tantas semelhan\u00e7as no sentimento da cultura popular, do folclore de suas terras, das lutas pela igualdade de direitos, tanto de g\u00eanero, \u00e9tnicos, humanos. Ser\u00e1 um encontro musical onde ambas int\u00e9rpretes compartilhar\u00e3o suas m\u00fasicas e se atrever\u00e3o a trocar ritmos musicais do pa\u00eds irm\u00e3o.<\/p>\n<p>Seus caminhos musicais se encontraram quando ambas fizeram parte do Encontro Vallenato Feminino (EVAFE) em Valledupar, Col\u00f4mbia, em 2019. A partir dessa experi\u00eancia, pensaram numa forma de visibilizar o seu trabalho nos dois pa\u00edses. Dessa busca surgiu a ideia de apresentar um projeto \u00e0 Iberm\u00fasicas para a realiza\u00e7\u00e3o de um concerto streaming.<\/p>\n<p>S\u00e1bado 6 de mar\u00e7o, 22 hs (Argentina), 19 hs (M\u00e9xico) nos canais de Youtube Marcia M\u00fcller Oficial e Nidia Nadia Lizhet<\/p>\n","protected":false},"excerpt":{"rendered":"<p>\u00abMulher latino-americana de ponta a ponta\u00bb \u00e9 o nome do encontro entre a argentina Marcia M\u00fcller em acorde\u00e3o a bot\u00f5es e a mexicana Nadia Robles em baJo sexto. Uma homenagem \u00e0 mulher m\u00fasica da Am\u00e9rica Latina, no contexto do m\u00eas da mulher, de ambos os extremos da Am\u00e9rica Latina. Um encontro entre duas culturas geograficamente [&hellip;]<\/p>\n","protected":false},"author":1,"featured_media":4605,"comment_status":"closed","ping_status":"closed","sticky":false,"template":"","format":"standard","meta":{"footnotes":""},"categories":[218],"tags":[],"class_list":["post-4607","post","type-post","status-publish","format-standard","has-post-thumbnail","hentry","category-noticias-generales-pt"],"lang":"pt","translations":{"pt":4607,"es":4604},"pll_sync_post":[],"post_mailing_queue_ids":[],"_links":{"self":[{"href":"http:\/\/staging.ibermusicas.org\/index.php\/wp-json\/wp\/v2\/posts\/4607","targetHints":{"allow":["GET"]}}],"collection":[{"href":"http:\/\/staging.ibermusicas.org\/index.php\/wp-json\/wp\/v2\/posts"}],"about":[{"href":"http:\/\/staging.ibermusicas.org\/index.php\/wp-json\/wp\/v2\/types\/post"}],"author":[{"embeddable":true,"href":"http:\/\/staging.ibermusicas.org\/index.php\/wp-json\/wp\/v2\/users\/1"}],"replies":[{"embeddable":true,"href":"http:\/\/staging.ibermusicas.org\/index.php\/wp-json\/wp\/v2\/comments?post=4607"}],"version-history":[{"count":1,"href":"http:\/\/staging.ibermusicas.org\/index.php\/wp-json\/wp\/v2\/posts\/4607\/revisions"}],"predecessor-version":[{"id":4608,"href":"http:\/\/staging.ibermusicas.org\/index.php\/wp-json\/wp\/v2\/posts\/4607\/revisions\/4608"}],"wp:featuredmedia":[{"embeddable":true,"href":"http:\/\/staging.ibermusicas.org\/index.php\/wp-json\/wp\/v2\/media\/4605"}],"wp:attachment":[{"href":"http:\/\/staging.ibermusicas.org\/index.php\/wp-json\/wp\/v2\/media?parent=4607"}],"wp:term":[{"taxonomy":"category","embeddable":true,"href":"http:\/\/staging.ibermusicas.org\/index.php\/wp-json\/wp\/v2\/categories?post=4607"},{"taxonomy":"post_tag","embeddable":true,"href":"http:\/\/staging.ibermusicas.org\/index.php\/wp-json\/wp\/v2\/tags?post=4607"}],"curies":[{"name":"wp","href":"https:\/\/api.w.org\/{rel}","templated":true}]}}