{"id":4615,"date":"2021-03-02T17:54:27","date_gmt":"2021-03-02T17:54:27","guid":{"rendered":"http:\/\/staging.ibermusicas.org\/?p=4615"},"modified":"2021-04-06T18:28:31","modified_gmt":"2021-04-06T18:28:31","slug":"la-agrupacion-vibra-mucha-de-mexico-realizo-su-primer-concierto-en-el-marco-del-proyecto-reggae-a-la-distancia-para-la-infancia-de-latinoamerica","status":"publish","type":"post","link":"http:\/\/staging.ibermusicas.org\/index.php\/la-agrupacion-vibra-mucha-de-mexico-realizo-su-primer-concierto-en-el-marco-del-proyecto-reggae-a-la-distancia-para-la-infancia-de-latinoamerica\/","title":{"rendered":"La agrupaci\u00f3n Vibra Much\u00e1 de M\u00e9xico realiz\u00f3 su primer concierto en el marco del proyecto \u201cReggae a la distancia para la infancia de Latinoam\u00e9rica\u201d"},"content":{"rendered":"<p>Vibra Much\u00e1 es una agrupaci\u00f3n integrada por j\u00f3venes mexicanos que buscan ofrecer alternativas art\u00edsticas con mensajes de paz, respeto, salud y equidad. Cultivan una m\u00fasica mestiza con esencia de reggae en contacto permanente con otros g\u00e9neros como ska, jazz, rock steady, hip hop y son jarocho.<\/p>\n<p>En su espect\u00e1culo destinado al p\u00fablico infantil buscan compartir con los ni\u00f1os y con sus familias una propuesta musical positiva como forma de contrarrestar la cultura de violencia y ego\u00edsmo que impera en la cotidianeidad.<\/p>\n<p>Durante febrero y marzo realizar\u00e1n dos conciertos virtuales de reggae destinados a ni\u00f1as y ni\u00f1os de siete pa\u00edses de Am\u00e9rica Latina (Per\u00fa, Uruguay, Ecuador, Bolivia, Venezuela, Guatemala y M\u00e9xico) con el objetivo de promover m\u00fasica de paz, respeto, salud y alegr\u00eda para la infancia y sus familias.<\/p>\n<p>Domingo 28 de febrero y domingo 28 de marzo, 17 hs (hora de M\u00e9xico)<\/p>\n<p><a href=\"https:\/\/lt.dplrmail.com\/8060094c196dd27675e0b19a6033d4a5-81868bec073b3970fa62af291f12b42d\" target=\"_blank\" rel=\"noopener\" data-saferedirecturl=\"https:\/\/www.google.com\/url?q=https:\/\/lt.dplrmail.com\/8060094c196dd27675e0b19a6033d4a5-81868bec073b3970fa62af291f12b42d&amp;source=gmail&amp;ust=1614791483104000&amp;usg=AFQjCNG5pYoouA8inoelVmg_QAUFQecBLg\">www.facebook.com<\/a><br \/>\n<a href=\"https:\/\/lt.dplrmail.com\/995e259d79ff581b19ed76bfec09b200-81868bec073b3970fa62af291f12b42d\" target=\"_blank\" rel=\"noopener\" data-saferedirecturl=\"https:\/\/www.google.com\/url?q=https:\/\/lt.dplrmail.com\/995e259d79ff581b19ed76bfec09b200-81868bec073b3970fa62af291f12b42d&amp;source=gmail&amp;ust=1614791483104000&amp;usg=AFQjCNEJ7ZCCjqkSVlrCFz7_cIq_4L8-Kw\">www.youtube.com<\/a><br \/>\n<a href=\"https:\/\/lt.dplrmail.com\/c630ed6195b2f662f694e55db6d1d9cd-81868bec073b3970fa62af291f12b42d\" target=\"_blank\" rel=\"noopener\" data-saferedirecturl=\"https:\/\/www.google.com\/url?q=https:\/\/lt.dplrmail.com\/c630ed6195b2f662f694e55db6d1d9cd-81868bec073b3970fa62af291f12b42d&amp;source=gmail&amp;ust=1614791483104000&amp;usg=AFQjCNH8STGYNjEdvegxAdY9z7kYvbbnpA\">www.instagram.com<\/a><\/p>\n","protected":false},"excerpt":{"rendered":"<p>Vibra Much\u00e1 es una agrupaci\u00f3n integrada por j\u00f3venes mexicanos que buscan ofrecer alternativas art\u00edsticas con mensajes de paz, respeto, salud y equidad. Cultivan una m\u00fasica mestiza con esencia de reggae en contacto permanente con otros g\u00e9neros como ska, jazz, rock steady, hip hop y son jarocho. En su espect\u00e1culo destinado al p\u00fablico infantil buscan compartir [&hellip;]<\/p>\n","protected":false},"author":1,"featured_media":4616,"comment_status":"closed","ping_status":"closed","sticky":false,"template":"","format":"standard","meta":{"footnotes":""},"categories":[53],"tags":[],"class_list":["post-4615","post","type-post","status-publish","format-standard","has-post-thumbnail","hentry","category-noticias-generales"],"lang":"es","translations":{"es":4615,"pt":4618},"pll_sync_post":[],"post_mailing_queue_ids":[],"_links":{"self":[{"href":"http:\/\/staging.ibermusicas.org\/index.php\/wp-json\/wp\/v2\/posts\/4615","targetHints":{"allow":["GET"]}}],"collection":[{"href":"http:\/\/staging.ibermusicas.org\/index.php\/wp-json\/wp\/v2\/posts"}],"about":[{"href":"http:\/\/staging.ibermusicas.org\/index.php\/wp-json\/wp\/v2\/types\/post"}],"author":[{"embeddable":true,"href":"http:\/\/staging.ibermusicas.org\/index.php\/wp-json\/wp\/v2\/users\/1"}],"replies":[{"embeddable":true,"href":"http:\/\/staging.ibermusicas.org\/index.php\/wp-json\/wp\/v2\/comments?post=4615"}],"version-history":[{"count":1,"href":"http:\/\/staging.ibermusicas.org\/index.php\/wp-json\/wp\/v2\/posts\/4615\/revisions"}],"predecessor-version":[{"id":4617,"href":"http:\/\/staging.ibermusicas.org\/index.php\/wp-json\/wp\/v2\/posts\/4615\/revisions\/4617"}],"wp:featuredmedia":[{"embeddable":true,"href":"http:\/\/staging.ibermusicas.org\/index.php\/wp-json\/wp\/v2\/media\/4616"}],"wp:attachment":[{"href":"http:\/\/staging.ibermusicas.org\/index.php\/wp-json\/wp\/v2\/media?parent=4615"}],"wp:term":[{"taxonomy":"category","embeddable":true,"href":"http:\/\/staging.ibermusicas.org\/index.php\/wp-json\/wp\/v2\/categories?post=4615"},{"taxonomy":"post_tag","embeddable":true,"href":"http:\/\/staging.ibermusicas.org\/index.php\/wp-json\/wp\/v2\/tags?post=4615"}],"curies":[{"name":"wp","href":"https:\/\/api.w.org\/{rel}","templated":true}]}}