{"id":4618,"date":"2021-03-02T17:55:35","date_gmt":"2021-03-02T17:55:35","guid":{"rendered":"http:\/\/staging.ibermusicas.org\/?p=4618"},"modified":"2021-04-06T18:31:08","modified_gmt":"2021-04-06T18:31:08","slug":"a-banda-vibra-mucha-do-mexico-realizou-seu-primeiro-concerto-no-marco-do-projeto-reggae-a-distancia-para-a-infancia-da-america-latina","status":"publish","type":"post","link":"http:\/\/staging.ibermusicas.org\/index.php\/a-banda-vibra-mucha-do-mexico-realizou-seu-primeiro-concerto-no-marco-do-projeto-reggae-a-distancia-para-a-infancia-da-america-latina\/","title":{"rendered":"A banda Vibra Much\u00e1 do m\u00e9xico realizou seu primeiro concerto no marco do projeto \u201cReggae \u00e0 dist\u00e2ncia para a inf\u00e2ncia da am\u00e9rica latina\u201d"},"content":{"rendered":"<p>Vibra Much\u00e1 \u00e9 um grupo integrado por jovens mexicanos que buscam oferecer alternativas art\u00edsticas com mensagens de paz, respeito, sa\u00fade e equidade. Cultivam uma m\u00fasica mesti\u00e7a com ess\u00eancia de reggae em contato permanente com outros g\u00eaneros como ska, jazz, rock steady, hip hop e son Jarocho.<\/p>\n<p>Em seu espet\u00e1culo destinado ao p\u00fablico infantil buscam compartilhar com as crian\u00e7as e com suas fam\u00edlias uma proposta musical positiva como forma de combater a cultura de viol\u00eancia e ego\u00edsmo que impera na cotidianidade.<\/p>\n<p>Durante fevereiro e mar\u00e7o realizar\u00e3o dois concertos virtuais de reggae destinados a meninas e meninos de sete pa\u00edses da Am\u00e9rica Latina (Peru, Uruguai, Equador, Bol\u00edvia, Venezuela, Guatemala e M\u00e9xico) com o objetivo de promover m\u00fasica de paz, respeito, sa\u00fade e alegria para a inf\u00e2ncia e suas fam\u00edlias.<\/p>\n<p>Domingo, 28 de Fevereiro e domingo, 28 de Mar\u00e7o. 17 hs (hora do M\u00e9xico)<\/p>\n<p><a href=\"https:\/\/lt.dplrmail.com\/8060094c196dd27675e0b19a6033d4a5-81868bec073b3970fa62af291f12b42d\" target=\"_blank\" rel=\"noopener\" data-saferedirecturl=\"https:\/\/www.google.com\/url?q=https:\/\/lt.dplrmail.com\/8060094c196dd27675e0b19a6033d4a5-81868bec073b3970fa62af291f12b42d&amp;source=gmail&amp;ust=1614791483104000&amp;usg=AFQjCNG5pYoouA8inoelVmg_QAUFQecBLg\">www.facebook.com<\/a><br \/>\n<a href=\"https:\/\/lt.dplrmail.com\/995e259d79ff581b19ed76bfec09b200-81868bec073b3970fa62af291f12b42d\" target=\"_blank\" rel=\"noopener\" data-saferedirecturl=\"https:\/\/www.google.com\/url?q=https:\/\/lt.dplrmail.com\/995e259d79ff581b19ed76bfec09b200-81868bec073b3970fa62af291f12b42d&amp;source=gmail&amp;ust=1614791483105000&amp;usg=AFQjCNHQMIt7rlEXq98DLBGm8bjjONkDxg\">www.youtube.com<\/a><br \/>\n<a href=\"https:\/\/lt.dplrmail.com\/c630ed6195b2f662f694e55db6d1d9cd-81868bec073b3970fa62af291f12b42d\" target=\"_blank\" rel=\"noopener\" data-saferedirecturl=\"https:\/\/www.google.com\/url?q=https:\/\/lt.dplrmail.com\/c630ed6195b2f662f694e55db6d1d9cd-81868bec073b3970fa62af291f12b42d&amp;source=gmail&amp;ust=1614791483105000&amp;usg=AFQjCNGyAFNsnnvsrbjTJImrckEd7ko4tw\">www.instagram.com<\/a><\/p>\n","protected":false},"excerpt":{"rendered":"<p>Vibra Much\u00e1 \u00e9 um grupo integrado por jovens mexicanos que buscam oferecer alternativas art\u00edsticas com mensagens de paz, respeito, sa\u00fade e equidade. Cultivam uma m\u00fasica mesti\u00e7a com ess\u00eancia de reggae em contato permanente com outros g\u00eaneros como ska, jazz, rock steady, hip hop e son Jarocho. Em seu espet\u00e1culo destinado ao p\u00fablico infantil buscam compartilhar [&hellip;]<\/p>\n","protected":false},"author":1,"featured_media":4616,"comment_status":"closed","ping_status":"closed","sticky":false,"template":"","format":"standard","meta":{"footnotes":""},"categories":[218],"tags":[],"class_list":["post-4618","post","type-post","status-publish","format-standard","has-post-thumbnail","hentry","category-noticias-generales-pt"],"lang":"pt","translations":{"pt":4618,"es":4615},"pll_sync_post":[],"post_mailing_queue_ids":[],"_links":{"self":[{"href":"http:\/\/staging.ibermusicas.org\/index.php\/wp-json\/wp\/v2\/posts\/4618","targetHints":{"allow":["GET"]}}],"collection":[{"href":"http:\/\/staging.ibermusicas.org\/index.php\/wp-json\/wp\/v2\/posts"}],"about":[{"href":"http:\/\/staging.ibermusicas.org\/index.php\/wp-json\/wp\/v2\/types\/post"}],"author":[{"embeddable":true,"href":"http:\/\/staging.ibermusicas.org\/index.php\/wp-json\/wp\/v2\/users\/1"}],"replies":[{"embeddable":true,"href":"http:\/\/staging.ibermusicas.org\/index.php\/wp-json\/wp\/v2\/comments?post=4618"}],"version-history":[{"count":1,"href":"http:\/\/staging.ibermusicas.org\/index.php\/wp-json\/wp\/v2\/posts\/4618\/revisions"}],"predecessor-version":[{"id":4619,"href":"http:\/\/staging.ibermusicas.org\/index.php\/wp-json\/wp\/v2\/posts\/4618\/revisions\/4619"}],"wp:featuredmedia":[{"embeddable":true,"href":"http:\/\/staging.ibermusicas.org\/index.php\/wp-json\/wp\/v2\/media\/4616"}],"wp:attachment":[{"href":"http:\/\/staging.ibermusicas.org\/index.php\/wp-json\/wp\/v2\/media?parent=4618"}],"wp:term":[{"taxonomy":"category","embeddable":true,"href":"http:\/\/staging.ibermusicas.org\/index.php\/wp-json\/wp\/v2\/categories?post=4618"},{"taxonomy":"post_tag","embeddable":true,"href":"http:\/\/staging.ibermusicas.org\/index.php\/wp-json\/wp\/v2\/tags?post=4618"}],"curies":[{"name":"wp","href":"https:\/\/api.w.org\/{rel}","templated":true}]}}