{"id":4637,"date":"2021-03-05T15:03:34","date_gmt":"2021-03-05T15:03:34","guid":{"rendered":"http:\/\/staging.ibermusicas.org\/?p=4637"},"modified":"2021-03-05T15:03:34","modified_gmt":"2021-03-05T15:03:34","slug":"el-presidente-de-cuba-y-la-secretaria-general-de-la-segib-felicitan-a-la-ganadora-del-premio-ibermusicas-de-composicion-para-obra-coral-2","status":"publish","type":"post","link":"http:\/\/staging.ibermusicas.org\/index.php\/el-presidente-de-cuba-y-la-secretaria-general-de-la-segib-felicitan-a-la-ganadora-del-premio-ibermusicas-de-composicion-para-obra-coral-2\/","title":{"rendered":"El Presidente de Cuba y la Secretaria General de la SEGIB felicitan a la ganadora del Premio Iberm\u00fasicas de Composici\u00f3n para Obra Coral"},"content":{"rendered":"<div>Con enorme orgullo compartimos las publicaciones en las cuales el\u00a0Presidente de la Rep\u00fablica de Cuba, Miguel D\u00edaz-Canel Berm\u00fadez y la Secretaria General de la Secretar\u00eda General Iberoamericana (SEGIB), Rebeca Grynspan hacen llegar sus felicitaciones a la maestra Beatriz Corona,\u00a0 reciente ganadora de nuestro\u00a0Premio Iberm\u00fasicas de Composici\u00f3n para Obra Coral &#8211; Tercera Edici\u00f3n &#8211; 2020.<\/div>\n<div><\/div>\n<div><\/div>\n<div><img loading=\"lazy\" decoding=\"async\" class=\" wp-image-4633 aligncenter\" src=\"http:\/\/staging.ibermusicas.org\/wp-content\/uploads\/2021\/03\/image-1.png\" alt=\"\" width=\"551\" height=\"473\" \/><\/div>\n<div><\/div>\n<div><img loading=\"lazy\" decoding=\"async\" class=\"size-full wp-image-4634 aligncenter\" src=\"http:\/\/staging.ibermusicas.org\/wp-content\/uploads\/2021\/03\/image.png\" alt=\"\" width=\"587\" height=\"149\" \/><\/div>\n<div><\/div>\n<div>\n<div dir=\"ltr\">Un jurado integrado por la gran maestra Digna Guerra de Cuba y los maestros Rodrigo Cadet de M\u00e9xico y Esteban Louise de Uruguay evaluaron las 156 obras presentadas a concurso y eligieron como ganadora a \u201cMartianas\u201d presentada bajo el seud\u00f3nimo Chedaca que corresponde a la compositora cubana Beatriz Corona Rodr\u00edguez.<\/div>\n<div dir=\"ltr\"><\/div>\n<div dir=\"ltr\">El jurado destac\u00f3 el alt\u00edsimo nivel compositivo reflejado en una gran cantidad de obras, lo cual, a la vez que enriqueci\u00f3 enormemente el material en concurso, gener\u00f3 un intenso y amable debate entre sus tres integrantes.<\/div>\n<div dir=\"ltr\"><\/div>\n<div dir=\"ltr\">En el texto de presentaci\u00f3n de la obra la compositora nos dice: Martianas es un conjunto de cinco piezas corales a capella compuestas a partir de los versos de un mismo poeta como centro formal y est\u00e9tico, con elementos de g\u00e9neros tradicionales en virtud de divulgar, a trav\u00e9s del canto colectivo, la m\u00e1s relevante obra po\u00e9tica y las ra\u00edces musicales de nuestra cultura.<\/div>\n<div dir=\"ltr\"><\/div>\n<div dir=\"ltr\">El premio para la compositora consiste en USD 8.000 (ocho mil d\u00f3lares) y el estreno de la obra por parte del Coro Nacional de Cuba bajo la direcci\u00f3n de la Maestra Digna Guerra.<\/div>\n<\/div>\n","protected":false},"excerpt":{"rendered":"<p>Con enorme orgullo compartimos las publicaciones en las cuales el\u00a0Presidente de la Rep\u00fablica de Cuba, Miguel D\u00edaz-Canel Berm\u00fadez y la Secretaria General de la Secretar\u00eda General Iberoamericana (SEGIB), Rebeca Grynspan hacen llegar sus felicitaciones a la maestra Beatriz Corona,\u00a0 reciente ganadora de nuestro\u00a0Premio Iberm\u00fasicas de Composici\u00f3n para Obra Coral &#8211; Tercera Edici\u00f3n &#8211; 2020. Un [&hellip;]<\/p>\n","protected":false},"author":1,"featured_media":4633,"comment_status":"closed","ping_status":"closed","sticky":false,"template":"","format":"standard","meta":{"footnotes":""},"categories":[218],"tags":[],"class_list":["post-4637","post","type-post","status-publish","format-standard","has-post-thumbnail","hentry","category-noticias-generales-pt"],"lang":"pt","translations":{"pt":4637,"es":4632},"pll_sync_post":[],"post_mailing_queue_ids":[],"_links":{"self":[{"href":"http:\/\/staging.ibermusicas.org\/index.php\/wp-json\/wp\/v2\/posts\/4637","targetHints":{"allow":["GET"]}}],"collection":[{"href":"http:\/\/staging.ibermusicas.org\/index.php\/wp-json\/wp\/v2\/posts"}],"about":[{"href":"http:\/\/staging.ibermusicas.org\/index.php\/wp-json\/wp\/v2\/types\/post"}],"author":[{"embeddable":true,"href":"http:\/\/staging.ibermusicas.org\/index.php\/wp-json\/wp\/v2\/users\/1"}],"replies":[{"embeddable":true,"href":"http:\/\/staging.ibermusicas.org\/index.php\/wp-json\/wp\/v2\/comments?post=4637"}],"version-history":[{"count":1,"href":"http:\/\/staging.ibermusicas.org\/index.php\/wp-json\/wp\/v2\/posts\/4637\/revisions"}],"predecessor-version":[{"id":4638,"href":"http:\/\/staging.ibermusicas.org\/index.php\/wp-json\/wp\/v2\/posts\/4637\/revisions\/4638"}],"wp:featuredmedia":[{"embeddable":true,"href":"http:\/\/staging.ibermusicas.org\/index.php\/wp-json\/wp\/v2\/media\/4633"}],"wp:attachment":[{"href":"http:\/\/staging.ibermusicas.org\/index.php\/wp-json\/wp\/v2\/media?parent=4637"}],"wp:term":[{"taxonomy":"category","embeddable":true,"href":"http:\/\/staging.ibermusicas.org\/index.php\/wp-json\/wp\/v2\/categories?post=4637"},{"taxonomy":"post_tag","embeddable":true,"href":"http:\/\/staging.ibermusicas.org\/index.php\/wp-json\/wp\/v2\/tags?post=4637"}],"curies":[{"name":"wp","href":"https:\/\/api.w.org\/{rel}","templated":true}]}}