{"id":4746,"date":"2011-03-11T19:22:18","date_gmt":"2011-03-11T19:22:18","guid":{"rendered":"http:\/\/staging.ibermusicas.org\/?p=4746"},"modified":"2021-03-11T19:26:54","modified_gmt":"2021-03-11T19:26:54","slug":"dedica-inba-mes-de-abril-a-ciclo-por-lo-tantojazz","status":"publish","type":"post","link":"http:\/\/staging.ibermusicas.org\/index.php\/dedica-inba-mes-de-abril-a-ciclo-por-lo-tantojazz\/","title":{"rendered":"Dedica INBA mes de abril a ciclo \u00abPor lo tanto\u2026Jazz\u00bb"},"content":{"rendered":"<div>\n<p>En este ciclo dedicado especialmente a la m\u00fasica sincopada y organizado por la Coordinaci\u00f3n Nacional de M\u00fasica y \u00d3pera del INBA, participar\u00e1n baluartes del jazz como Iraida Noriega, el Tr\u00edo Mexicano de Jazz, Alejandro Campos Jazz Quartet, Alberto Zuckermann Tr\u00edo, ensamble Klezmerson, Zero Point y Jazz in Opposition, as\u00ed como destacados solistas, cantantes e instrumentistas del g\u00e9nero.<\/p>\n<hr id=\"system-readmore\" \/>\n<p>Las sesiones iniciar\u00e1n este s\u00e1bado 2 de abril a las 18.00 horas en el Antiguo Palacio del Arzobispado con la participaci\u00f3n de la reconocida jazzista mexicana Iraida Noriega, acompa\u00f1ada de Aar\u00f3n Cruz en el bajo, Tavo Nandayapa en la bater\u00eda y percusiones, Armando Montiel en las percusiones y Carlos Sustaita en el piano y teclados.<br \/>\nEl programa estar\u00e1 formado por Canto en las ramas, de Le\u00f3n Gieco; Ofrenda, de Guadalupe Galv\u00e1n e Iraida Noriega; Luz en tus ojos, No quiero ser, Adi\u00f3s farolero y Caracolito, tambi\u00e9n de Iraida Noriega; Vida m\u00eda, de Tania Guzm\u00e1n; La mu\u00f1eca fea, de Francisco Gabilondo Soler Cri-Cr\u00ed, y La bruja, canci\u00f3n popular mexicana. La entrada es libre.<br \/>\nEl domingo 3 de abril en el Museo Jos\u00e9 Luis Cuevas ser\u00e1 la segunda sesi\u00f3n, bajo el t\u00edtulo Acuarela Do Brasil, con las actuaciones de Lourdes Ambriz en la voz, \u00c1ngel Chac\u00f3n en la guitarra electroac\u00fastica y Juan Luis Gedovius en las percusiones. Interpretar\u00e1n obras de Antonio Carlos Jobin, Chico Buarque de Holanda, Vinicius de Moraes, Ary Barroso y otros importantes compositores que han dado luz propia a la m\u00fasica de Brasil.<br \/>\nTocar\u00e1 turno el s\u00e1bado 9 a las 13:30 horas en el Museo Jos\u00e9 Luis Cuevas al Tr\u00edo Mexicano de Jazz, integrado por Roberto Arballo, Jaime Gonz\u00e1lez y V\u00edctor Patr\u00f3n. En este mismo espacio, pero el domingo 10 a las 13:30 horas, actuar\u00e1 Alejandro Campos Jazz Quartet y le seguir\u00e1 el Tr\u00edo de Alberto Zuckermann el s\u00e1bado 16 a las 18:00 horas en el Antiguo Palacio del Arzobispado.<br \/>\nEn el Museo Jos\u00e9 Luis Cuevas se presentar\u00e1n Carlos Tercero (piano), Jorge Cristian (saxof\u00f3n), Manuel Fern\u00e1ndez (bajo el\u00e9ctrico), Oscar Barbosa (bater\u00eda) y Mart\u00edn Arano (percusiones) el domingo 17; Zero Point (Improvisaciones) el s\u00e1bado 23 y el ensamble Klezmerson el domingo 24.<br \/>\nEl viernes 29 de abril a las 19:00 horas, la Sala Manuel M. Ponce del Palacio de Bellas Artes abrir\u00e1 sus puertas a Alberto Zukermann y su piano, y para cerrar el ciclo se volver\u00e1 al Museo Jos\u00e9 Luis Cuevas el domingo 30 a las 13:30 horas con el grupo Jazz in Opposition, con un programa de Improvisaciones. Entrada libre.<\/p>\n<\/div>\n","protected":false},"excerpt":{"rendered":"<p>En este ciclo dedicado especialmente a la m\u00fasica sincopada y organizado por la Coordinaci\u00f3n Nacional de M\u00fasica y \u00d3pera del INBA, participar\u00e1n baluartes del jazz como Iraida Noriega, el Tr\u00edo Mexicano de Jazz, Alejandro Campos Jazz Quartet, Alberto Zuckermann Tr\u00edo, ensamble Klezmerson, Zero Point y Jazz in Opposition, as\u00ed como destacados solistas, cantantes e instrumentistas [&hellip;]<\/p>\n","protected":false},"author":1,"featured_media":4747,"comment_status":"closed","ping_status":"closed","sticky":false,"template":"","format":"standard","meta":{"footnotes":""},"categories":[53],"tags":[],"class_list":["post-4746","post","type-post","status-publish","format-standard","has-post-thumbnail","hentry","category-noticias-generales"],"lang":"es","translations":{"es":4746},"pll_sync_post":[],"post_mailing_queue_ids":[],"_links":{"self":[{"href":"http:\/\/staging.ibermusicas.org\/index.php\/wp-json\/wp\/v2\/posts\/4746","targetHints":{"allow":["GET"]}}],"collection":[{"href":"http:\/\/staging.ibermusicas.org\/index.php\/wp-json\/wp\/v2\/posts"}],"about":[{"href":"http:\/\/staging.ibermusicas.org\/index.php\/wp-json\/wp\/v2\/types\/post"}],"author":[{"embeddable":true,"href":"http:\/\/staging.ibermusicas.org\/index.php\/wp-json\/wp\/v2\/users\/1"}],"replies":[{"embeddable":true,"href":"http:\/\/staging.ibermusicas.org\/index.php\/wp-json\/wp\/v2\/comments?post=4746"}],"version-history":[{"count":1,"href":"http:\/\/staging.ibermusicas.org\/index.php\/wp-json\/wp\/v2\/posts\/4746\/revisions"}],"predecessor-version":[{"id":4748,"href":"http:\/\/staging.ibermusicas.org\/index.php\/wp-json\/wp\/v2\/posts\/4746\/revisions\/4748"}],"wp:featuredmedia":[{"embeddable":true,"href":"http:\/\/staging.ibermusicas.org\/index.php\/wp-json\/wp\/v2\/media\/4747"}],"wp:attachment":[{"href":"http:\/\/staging.ibermusicas.org\/index.php\/wp-json\/wp\/v2\/media?parent=4746"}],"wp:term":[{"taxonomy":"category","embeddable":true,"href":"http:\/\/staging.ibermusicas.org\/index.php\/wp-json\/wp\/v2\/categories?post=4746"},{"taxonomy":"post_tag","embeddable":true,"href":"http:\/\/staging.ibermusicas.org\/index.php\/wp-json\/wp\/v2\/tags?post=4746"}],"curies":[{"name":"wp","href":"https:\/\/api.w.org\/{rel}","templated":true}]}}