{"id":4764,"date":"2011-04-17T22:56:50","date_gmt":"2011-04-17T22:56:50","guid":{"rendered":"http:\/\/staging.ibermusicas.org\/?p=4764"},"modified":"2021-03-18T21:12:34","modified_gmt":"2021-03-18T21:12:34","slug":"alumnos-y-exalumnos-del-inba-participan-en-opera-prima-en-movimiento","status":"publish","type":"post","link":"http:\/\/staging.ibermusicas.org\/index.php\/alumnos-y-exalumnos-del-inba-participan-en-opera-prima-en-movimiento\/","title":{"rendered":"Alumnos y exalumnos del INBA participan en \u00d3pera Prima en Movimiento"},"content":{"rendered":"<p>El Consejo Nacional para la Cultura y las Artes, en colaboraci\u00f3n con el FONCA y Canal 22 comienzan el \u201creality show\u201d \u00d3pera Prima en Movimiento, en su segunda temporada en este singular formato en el cual participan 12 alumnos inscritos y egresados de las escuelas del Instituto Nacional de Bellas Artes: 9 de ellos de la Escuela Nacional de Danza Cl\u00e1sica y Contempor\u00e1nea y 3 de la Academia Mexicana de la Danza, aspecto de gran relevancia que denota la alta calidad de la ense\u00f1anza que se imparte en las instituciones pertenecientes al INBA.<\/p>\n","protected":false},"excerpt":{"rendered":"<p>El Consejo Nacional para la Cultura y las Artes, en colaboraci\u00f3n con el FONCA y Canal 22 comienzan el \u201creality show\u201d \u00d3pera Prima en Movimiento, en su segunda temporada en este singular formato en el cual participan 12 alumnos inscritos y egresados de las escuelas del Instituto Nacional de Bellas Artes: 9 de ellos de [&hellip;]<\/p>\n","protected":false},"author":1,"featured_media":4890,"comment_status":"closed","ping_status":"closed","sticky":false,"template":"","format":"standard","meta":{"footnotes":""},"categories":[53],"tags":[],"class_list":["post-4764","post","type-post","status-publish","format-standard","has-post-thumbnail","hentry","category-noticias-generales"],"lang":"es","translations":{"es":4764},"pll_sync_post":[],"post_mailing_queue_ids":[],"_links":{"self":[{"href":"http:\/\/staging.ibermusicas.org\/index.php\/wp-json\/wp\/v2\/posts\/4764","targetHints":{"allow":["GET"]}}],"collection":[{"href":"http:\/\/staging.ibermusicas.org\/index.php\/wp-json\/wp\/v2\/posts"}],"about":[{"href":"http:\/\/staging.ibermusicas.org\/index.php\/wp-json\/wp\/v2\/types\/post"}],"author":[{"embeddable":true,"href":"http:\/\/staging.ibermusicas.org\/index.php\/wp-json\/wp\/v2\/users\/1"}],"replies":[{"embeddable":true,"href":"http:\/\/staging.ibermusicas.org\/index.php\/wp-json\/wp\/v2\/comments?post=4764"}],"version-history":[{"count":2,"href":"http:\/\/staging.ibermusicas.org\/index.php\/wp-json\/wp\/v2\/posts\/4764\/revisions"}],"predecessor-version":[{"id":4891,"href":"http:\/\/staging.ibermusicas.org\/index.php\/wp-json\/wp\/v2\/posts\/4764\/revisions\/4891"}],"wp:featuredmedia":[{"embeddable":true,"href":"http:\/\/staging.ibermusicas.org\/index.php\/wp-json\/wp\/v2\/media\/4890"}],"wp:attachment":[{"href":"http:\/\/staging.ibermusicas.org\/index.php\/wp-json\/wp\/v2\/media?parent=4764"}],"wp:term":[{"taxonomy":"category","embeddable":true,"href":"http:\/\/staging.ibermusicas.org\/index.php\/wp-json\/wp\/v2\/categories?post=4764"},{"taxonomy":"post_tag","embeddable":true,"href":"http:\/\/staging.ibermusicas.org\/index.php\/wp-json\/wp\/v2\/tags?post=4764"}],"curies":[{"name":"wp","href":"https:\/\/api.w.org\/{rel}","templated":true}]}}