{"id":4767,"date":"2011-04-17T23:00:47","date_gmt":"2011-04-17T23:00:47","guid":{"rendered":"http:\/\/staging.ibermusicas.org\/?p=4767"},"modified":"2021-03-18T21:15:11","modified_gmt":"2021-03-18T21:15:11","slug":"ofrece-coro-del-teatro-de-bellas-artes-concierto-iberoamericano","status":"publish","type":"post","link":"http:\/\/staging.ibermusicas.org\/index.php\/ofrece-coro-del-teatro-de-bellas-artes-concierto-iberoamericano\/","title":{"rendered":"Ofrece Coro del Teatro de Bellas Artes Concierto Iberoamericano"},"content":{"rendered":"<p>El Coro del Teatro de Bellas Artes, bajo la direcci\u00f3n del maestro Xavier Ribes, y el pianista Carlos V\u00e1zquez tendr\u00e1n a su cargo el Concierto Iberoamericano que se llevar\u00e1 a cabo el domingo 17 de abril a las 17:00 horas en el Palacio de Bellas Artes, en un evento organizado por el Instituto Nacional de Bellas Artes.<\/p>\n","protected":false},"excerpt":{"rendered":"<p>El Coro del Teatro de Bellas Artes, bajo la direcci\u00f3n del maestro Xavier Ribes, y el pianista Carlos V\u00e1zquez tendr\u00e1n a su cargo el Concierto Iberoamericano que se llevar\u00e1 a cabo el domingo 17 de abril a las 17:00 horas en el Palacio de Bellas Artes, en un evento organizado por el Instituto Nacional de [&hellip;]<\/p>\n","protected":false},"author":1,"featured_media":4892,"comment_status":"closed","ping_status":"closed","sticky":false,"template":"","format":"standard","meta":{"footnotes":""},"categories":[53,1],"tags":[],"class_list":["post-4767","post","type-post","status-publish","format-standard","has-post-thumbnail","hentry","category-noticias-generales","category-uncategorized"],"lang":"es","translations":{"es":4767},"pll_sync_post":[],"post_mailing_queue_ids":[],"_links":{"self":[{"href":"http:\/\/staging.ibermusicas.org\/index.php\/wp-json\/wp\/v2\/posts\/4767","targetHints":{"allow":["GET"]}}],"collection":[{"href":"http:\/\/staging.ibermusicas.org\/index.php\/wp-json\/wp\/v2\/posts"}],"about":[{"href":"http:\/\/staging.ibermusicas.org\/index.php\/wp-json\/wp\/v2\/types\/post"}],"author":[{"embeddable":true,"href":"http:\/\/staging.ibermusicas.org\/index.php\/wp-json\/wp\/v2\/users\/1"}],"replies":[{"embeddable":true,"href":"http:\/\/staging.ibermusicas.org\/index.php\/wp-json\/wp\/v2\/comments?post=4767"}],"version-history":[{"count":2,"href":"http:\/\/staging.ibermusicas.org\/index.php\/wp-json\/wp\/v2\/posts\/4767\/revisions"}],"predecessor-version":[{"id":4893,"href":"http:\/\/staging.ibermusicas.org\/index.php\/wp-json\/wp\/v2\/posts\/4767\/revisions\/4893"}],"wp:featuredmedia":[{"embeddable":true,"href":"http:\/\/staging.ibermusicas.org\/index.php\/wp-json\/wp\/v2\/media\/4892"}],"wp:attachment":[{"href":"http:\/\/staging.ibermusicas.org\/index.php\/wp-json\/wp\/v2\/media?parent=4767"}],"wp:term":[{"taxonomy":"category","embeddable":true,"href":"http:\/\/staging.ibermusicas.org\/index.php\/wp-json\/wp\/v2\/categories?post=4767"},{"taxonomy":"post_tag","embeddable":true,"href":"http:\/\/staging.ibermusicas.org\/index.php\/wp-json\/wp\/v2\/tags?post=4767"}],"curies":[{"name":"wp","href":"https:\/\/api.w.org\/{rel}","templated":true}]}}