{"id":4777,"date":"2011-04-18T00:12:00","date_gmt":"2011-04-18T00:12:00","guid":{"rendered":"http:\/\/staging.ibermusicas.org\/?p=4777"},"modified":"2021-03-18T21:18:44","modified_gmt":"2021-03-18T21:18:44","slug":"los-rios-postulaciones-para-la-escuela-de-rock","status":"publish","type":"post","link":"http:\/\/staging.ibermusicas.org\/index.php\/los-rios-postulaciones-para-la-escuela-de-rock\/","title":{"rendered":"Los R\u00edos: postulaciones para la escuela de Rock"},"content":{"rendered":"<p>El programa Escuelas de Rock, del Consejo Nacional de la Cultura y las Artes, en conjunto con la Direcci\u00f3n Regional de Cultura de Los R\u00edos, abren las postulaciones para que las bandas de la regi\u00f3n puedan acceder a participar de un proceso formativo de excelencia, nunca antes realizado en la regi\u00f3n. A partir del lunes 11 de abril y hasta el 2 de mayo se extiende el per\u00edodo de postulaci\u00f3n para las bandas de la regi\u00f3n de Los R\u00edos que est\u00e9n interesadas en participar de la Escuela de Rock Los R\u00edos 2011, que se desarrollar\u00e1 a partir del 9 de mayo. Las bases y formulario de postulaci\u00f3n se encuentran publicadas en www.escuelasderock.cl<\/p>\n","protected":false},"excerpt":{"rendered":"<p>El programa Escuelas de Rock, del Consejo Nacional de la Cultura y las Artes, en conjunto con la Direcci\u00f3n Regional de Cultura de Los R\u00edos, abren las postulaciones para que las bandas de la regi\u00f3n puedan acceder a participar de un proceso formativo de excelencia, nunca antes realizado en la regi\u00f3n. A partir del lunes [&hellip;]<\/p>\n","protected":false},"author":1,"featured_media":4896,"comment_status":"closed","ping_status":"closed","sticky":false,"template":"","format":"standard","meta":{"footnotes":""},"categories":[53],"tags":[],"class_list":["post-4777","post","type-post","status-publish","format-standard","has-post-thumbnail","hentry","category-noticias-generales"],"lang":"es","translations":{"es":4777},"pll_sync_post":[],"post_mailing_queue_ids":[],"_links":{"self":[{"href":"http:\/\/staging.ibermusicas.org\/index.php\/wp-json\/wp\/v2\/posts\/4777","targetHints":{"allow":["GET"]}}],"collection":[{"href":"http:\/\/staging.ibermusicas.org\/index.php\/wp-json\/wp\/v2\/posts"}],"about":[{"href":"http:\/\/staging.ibermusicas.org\/index.php\/wp-json\/wp\/v2\/types\/post"}],"author":[{"embeddable":true,"href":"http:\/\/staging.ibermusicas.org\/index.php\/wp-json\/wp\/v2\/users\/1"}],"replies":[{"embeddable":true,"href":"http:\/\/staging.ibermusicas.org\/index.php\/wp-json\/wp\/v2\/comments?post=4777"}],"version-history":[{"count":3,"href":"http:\/\/staging.ibermusicas.org\/index.php\/wp-json\/wp\/v2\/posts\/4777\/revisions"}],"predecessor-version":[{"id":4897,"href":"http:\/\/staging.ibermusicas.org\/index.php\/wp-json\/wp\/v2\/posts\/4777\/revisions\/4897"}],"wp:featuredmedia":[{"embeddable":true,"href":"http:\/\/staging.ibermusicas.org\/index.php\/wp-json\/wp\/v2\/media\/4896"}],"wp:attachment":[{"href":"http:\/\/staging.ibermusicas.org\/index.php\/wp-json\/wp\/v2\/media?parent=4777"}],"wp:term":[{"taxonomy":"category","embeddable":true,"href":"http:\/\/staging.ibermusicas.org\/index.php\/wp-json\/wp\/v2\/categories?post=4777"},{"taxonomy":"post_tag","embeddable":true,"href":"http:\/\/staging.ibermusicas.org\/index.php\/wp-json\/wp\/v2\/tags?post=4777"}],"curies":[{"name":"wp","href":"https:\/\/api.w.org\/{rel}","templated":true}]}}