{"id":4783,"date":"2012-03-18T00:16:41","date_gmt":"2012-03-18T00:16:41","guid":{"rendered":"http:\/\/staging.ibermusicas.org\/?p=4783"},"modified":"2021-03-18T21:24:30","modified_gmt":"2021-03-18T21:24:30","slug":"primera-reunion-del-comite-ejecutivo-de-ibermusicas-concluyo-satisfactoriamente","status":"publish","type":"post","link":"http:\/\/staging.ibermusicas.org\/index.php\/primera-reunion-del-comite-ejecutivo-de-ibermusicas-concluyo-satisfactoriamente\/","title":{"rendered":"Primera Reuni\u00f3n del Comit\u00e9 Ejecutivo de Iberm\u00fasicas concluy\u00f3 satisfactoriamente"},"content":{"rendered":"<p>San Jos\u00e9, 30 de marzo de 2012. Con el fin de analizar la distribuci\u00f3n y reglamentaci\u00f3n del Fondo Iberm\u00fasicas, definir la proporci\u00f3n entre recursos concursables y de acci\u00f3n directa, as\u00ed como para elaborar el Plan Operativo Anual 2012, el Comit\u00e9 Ejecutivo de Iberm\u00fasicas se reuni\u00f3 ayer y hoy en el despacho del Ministro de Cultura y Juventud de Costa Rica, Manuel Obreg\u00f3n.<\/p>\n","protected":false},"excerpt":{"rendered":"<p>San Jos\u00e9, 30 de marzo de 2012. Con el fin de analizar la distribuci\u00f3n y reglamentaci\u00f3n del Fondo Iberm\u00fasicas, definir la proporci\u00f3n entre recursos concursables y de acci\u00f3n directa, as\u00ed como para elaborar el Plan Operativo Anual 2012, el Comit\u00e9 Ejecutivo de Iberm\u00fasicas se reuni\u00f3 ayer y hoy en el despacho del Ministro de Cultura [&hellip;]<\/p>\n","protected":false},"author":1,"featured_media":4903,"comment_status":"closed","ping_status":"closed","sticky":false,"template":"","format":"standard","meta":{"footnotes":""},"categories":[53],"tags":[],"class_list":["post-4783","post","type-post","status-publish","format-standard","has-post-thumbnail","hentry","category-noticias-generales"],"lang":"es","translations":{"es":4783},"pll_sync_post":[],"post_mailing_queue_ids":[],"_links":{"self":[{"href":"http:\/\/staging.ibermusicas.org\/index.php\/wp-json\/wp\/v2\/posts\/4783","targetHints":{"allow":["GET"]}}],"collection":[{"href":"http:\/\/staging.ibermusicas.org\/index.php\/wp-json\/wp\/v2\/posts"}],"about":[{"href":"http:\/\/staging.ibermusicas.org\/index.php\/wp-json\/wp\/v2\/types\/post"}],"author":[{"embeddable":true,"href":"http:\/\/staging.ibermusicas.org\/index.php\/wp-json\/wp\/v2\/users\/1"}],"replies":[{"embeddable":true,"href":"http:\/\/staging.ibermusicas.org\/index.php\/wp-json\/wp\/v2\/comments?post=4783"}],"version-history":[{"count":2,"href":"http:\/\/staging.ibermusicas.org\/index.php\/wp-json\/wp\/v2\/posts\/4783\/revisions"}],"predecessor-version":[{"id":4904,"href":"http:\/\/staging.ibermusicas.org\/index.php\/wp-json\/wp\/v2\/posts\/4783\/revisions\/4904"}],"wp:featuredmedia":[{"embeddable":true,"href":"http:\/\/staging.ibermusicas.org\/index.php\/wp-json\/wp\/v2\/media\/4903"}],"wp:attachment":[{"href":"http:\/\/staging.ibermusicas.org\/index.php\/wp-json\/wp\/v2\/media?parent=4783"}],"wp:term":[{"taxonomy":"category","embeddable":true,"href":"http:\/\/staging.ibermusicas.org\/index.php\/wp-json\/wp\/v2\/categories?post=4783"},{"taxonomy":"post_tag","embeddable":true,"href":"http:\/\/staging.ibermusicas.org\/index.php\/wp-json\/wp\/v2\/tags?post=4783"}],"curies":[{"name":"wp","href":"https:\/\/api.w.org\/{rel}","templated":true}]}}