{"id":4786,"date":"2012-05-18T00:18:04","date_gmt":"2012-05-18T00:18:04","guid":{"rendered":"http:\/\/staging.ibermusicas.org\/?p=4786"},"modified":"2021-03-18T21:27:02","modified_gmt":"2021-03-18T21:27:02","slug":"ibermusicas-se-lanza-en-11-paises","status":"publish","type":"post","link":"http:\/\/staging.ibermusicas.org\/index.php\/ibermusicas-se-lanza-en-11-paises\/","title":{"rendered":"Iberm\u00fasicas se lanza en 11 pa\u00edses"},"content":{"rendered":"<p>Crean nuevo programa de fomento a la m\u00fasica. En 11 pa\u00edses, Iberm\u00fasicas lanza su convocatoria el 16 de mayo y busca estimular la creaci\u00f3n y asociatividad del sector.<\/p>\n","protected":false},"excerpt":{"rendered":"<p>Crean nuevo programa de fomento a la m\u00fasica. En 11 pa\u00edses, Iberm\u00fasicas lanza su convocatoria el 16 de mayo y busca estimular la creaci\u00f3n y asociatividad del sector.<\/p>\n","protected":false},"author":1,"featured_media":4905,"comment_status":"closed","ping_status":"closed","sticky":false,"template":"","format":"standard","meta":{"footnotes":""},"categories":[53],"tags":[],"class_list":["post-4786","post","type-post","status-publish","format-standard","has-post-thumbnail","hentry","category-noticias-generales"],"lang":"es","translations":{"es":4786},"pll_sync_post":[],"post_mailing_queue_ids":[],"_links":{"self":[{"href":"http:\/\/staging.ibermusicas.org\/index.php\/wp-json\/wp\/v2\/posts\/4786","targetHints":{"allow":["GET"]}}],"collection":[{"href":"http:\/\/staging.ibermusicas.org\/index.php\/wp-json\/wp\/v2\/posts"}],"about":[{"href":"http:\/\/staging.ibermusicas.org\/index.php\/wp-json\/wp\/v2\/types\/post"}],"author":[{"embeddable":true,"href":"http:\/\/staging.ibermusicas.org\/index.php\/wp-json\/wp\/v2\/users\/1"}],"replies":[{"embeddable":true,"href":"http:\/\/staging.ibermusicas.org\/index.php\/wp-json\/wp\/v2\/comments?post=4786"}],"version-history":[{"count":2,"href":"http:\/\/staging.ibermusicas.org\/index.php\/wp-json\/wp\/v2\/posts\/4786\/revisions"}],"predecessor-version":[{"id":4906,"href":"http:\/\/staging.ibermusicas.org\/index.php\/wp-json\/wp\/v2\/posts\/4786\/revisions\/4906"}],"wp:featuredmedia":[{"embeddable":true,"href":"http:\/\/staging.ibermusicas.org\/index.php\/wp-json\/wp\/v2\/media\/4905"}],"wp:attachment":[{"href":"http:\/\/staging.ibermusicas.org\/index.php\/wp-json\/wp\/v2\/media?parent=4786"}],"wp:term":[{"taxonomy":"category","embeddable":true,"href":"http:\/\/staging.ibermusicas.org\/index.php\/wp-json\/wp\/v2\/categories?post=4786"},{"taxonomy":"post_tag","embeddable":true,"href":"http:\/\/staging.ibermusicas.org\/index.php\/wp-json\/wp\/v2\/tags?post=4786"}],"curies":[{"name":"wp","href":"https:\/\/api.w.org\/{rel}","templated":true}]}}