{"id":4789,"date":"2012-09-18T09:19:23","date_gmt":"2012-09-18T09:19:23","guid":{"rendered":"http:\/\/staging.ibermusicas.org\/?p=4789"},"modified":"2021-03-18T21:34:00","modified_gmt":"2021-03-18T21:34:00","slug":"iii-reunion-comite-intergubernamental-ibermusicas","status":"publish","type":"post","link":"http:\/\/staging.ibermusicas.org\/index.php\/iii-reunion-comite-intergubernamental-ibermusicas\/","title":{"rendered":"III Reuni\u00f3n Comit\u00e9 Intergubernamental Iberm\u00fasicas"},"content":{"rendered":"<p>Ayer dio inicio la Tercera Reuni\u00f3n del Comit\u00e9 Intergubernamental del Programa Iberm\u00fasicas, donde se evaluar\u00e1n los proyectos de las convocatorias 2012.<\/p>\n","protected":false},"excerpt":{"rendered":"<p>Ayer dio inicio la Tercera Reuni\u00f3n del Comit\u00e9 Intergubernamental del Programa Iberm\u00fasicas, donde se evaluar\u00e1n los proyectos de las convocatorias 2012.<\/p>\n","protected":false},"author":1,"featured_media":4913,"comment_status":"closed","ping_status":"closed","sticky":false,"template":"","format":"standard","meta":{"footnotes":""},"categories":[53],"tags":[],"class_list":["post-4789","post","type-post","status-publish","format-standard","has-post-thumbnail","hentry","category-noticias-generales"],"lang":"es","translations":{"es":4789},"pll_sync_post":[],"post_mailing_queue_ids":[],"_links":{"self":[{"href":"http:\/\/staging.ibermusicas.org\/index.php\/wp-json\/wp\/v2\/posts\/4789","targetHints":{"allow":["GET"]}}],"collection":[{"href":"http:\/\/staging.ibermusicas.org\/index.php\/wp-json\/wp\/v2\/posts"}],"about":[{"href":"http:\/\/staging.ibermusicas.org\/index.php\/wp-json\/wp\/v2\/types\/post"}],"author":[{"embeddable":true,"href":"http:\/\/staging.ibermusicas.org\/index.php\/wp-json\/wp\/v2\/users\/1"}],"replies":[{"embeddable":true,"href":"http:\/\/staging.ibermusicas.org\/index.php\/wp-json\/wp\/v2\/comments?post=4789"}],"version-history":[{"count":2,"href":"http:\/\/staging.ibermusicas.org\/index.php\/wp-json\/wp\/v2\/posts\/4789\/revisions"}],"predecessor-version":[{"id":4914,"href":"http:\/\/staging.ibermusicas.org\/index.php\/wp-json\/wp\/v2\/posts\/4789\/revisions\/4914"}],"wp:featuredmedia":[{"embeddable":true,"href":"http:\/\/staging.ibermusicas.org\/index.php\/wp-json\/wp\/v2\/media\/4913"}],"wp:attachment":[{"href":"http:\/\/staging.ibermusicas.org\/index.php\/wp-json\/wp\/v2\/media?parent=4789"}],"wp:term":[{"taxonomy":"category","embeddable":true,"href":"http:\/\/staging.ibermusicas.org\/index.php\/wp-json\/wp\/v2\/categories?post=4789"},{"taxonomy":"post_tag","embeddable":true,"href":"http:\/\/staging.ibermusicas.org\/index.php\/wp-json\/wp\/v2\/tags?post=4789"}],"curies":[{"name":"wp","href":"https:\/\/api.w.org\/{rel}","templated":true}]}}