{"id":4798,"date":"2012-07-18T00:27:44","date_gmt":"2012-07-18T00:27:44","guid":{"rendered":"http:\/\/staging.ibermusicas.org\/?p=4798"},"modified":"2021-03-18T21:29:31","modified_gmt":"2021-03-18T21:29:31","slug":"festival-contrapedal","status":"publish","type":"post","link":"http:\/\/staging.ibermusicas.org\/index.php\/festival-contrapedal\/","title":{"rendered":"FESTIVAL CONTRAPEDAL"},"content":{"rendered":"<p>Este proyecto fue premiado con la ayuda Iberm\u00fasicas. Es un Festival Boutique de Uruguay que re\u00fane lo mejor de la escena emergente independiente de m\u00fasica y disciplinas conexas dise\u00f1o-arte-tecnolog\u00eda. Espacio de intercambio entre artistas, programares y productores de Iberoam\u00e9rica.<\/p>\n","protected":false},"excerpt":{"rendered":"<p>Este proyecto fue premiado con la ayuda Iberm\u00fasicas. Es un Festival Boutique de Uruguay que re\u00fane lo mejor de la escena emergente independiente de m\u00fasica y disciplinas conexas dise\u00f1o-arte-tecnolog\u00eda. Espacio de intercambio entre artistas, programares y productores de Iberoam\u00e9rica.<\/p>\n","protected":false},"author":1,"featured_media":4909,"comment_status":"closed","ping_status":"closed","sticky":false,"template":"","format":"standard","meta":{"footnotes":""},"categories":[53],"tags":[],"class_list":["post-4798","post","type-post","status-publish","format-standard","has-post-thumbnail","hentry","category-noticias-generales"],"lang":"es","translations":{"es":4798},"pll_sync_post":[],"post_mailing_queue_ids":[],"_links":{"self":[{"href":"http:\/\/staging.ibermusicas.org\/index.php\/wp-json\/wp\/v2\/posts\/4798","targetHints":{"allow":["GET"]}}],"collection":[{"href":"http:\/\/staging.ibermusicas.org\/index.php\/wp-json\/wp\/v2\/posts"}],"about":[{"href":"http:\/\/staging.ibermusicas.org\/index.php\/wp-json\/wp\/v2\/types\/post"}],"author":[{"embeddable":true,"href":"http:\/\/staging.ibermusicas.org\/index.php\/wp-json\/wp\/v2\/users\/1"}],"replies":[{"embeddable":true,"href":"http:\/\/staging.ibermusicas.org\/index.php\/wp-json\/wp\/v2\/comments?post=4798"}],"version-history":[{"count":3,"href":"http:\/\/staging.ibermusicas.org\/index.php\/wp-json\/wp\/v2\/posts\/4798\/revisions"}],"predecessor-version":[{"id":4911,"href":"http:\/\/staging.ibermusicas.org\/index.php\/wp-json\/wp\/v2\/posts\/4798\/revisions\/4911"}],"wp:featuredmedia":[{"embeddable":true,"href":"http:\/\/staging.ibermusicas.org\/index.php\/wp-json\/wp\/v2\/media\/4909"}],"wp:attachment":[{"href":"http:\/\/staging.ibermusicas.org\/index.php\/wp-json\/wp\/v2\/media?parent=4798"}],"wp:term":[{"taxonomy":"category","embeddable":true,"href":"http:\/\/staging.ibermusicas.org\/index.php\/wp-json\/wp\/v2\/categories?post=4798"},{"taxonomy":"post_tag","embeddable":true,"href":"http:\/\/staging.ibermusicas.org\/index.php\/wp-json\/wp\/v2\/tags?post=4798"}],"curies":[{"name":"wp","href":"https:\/\/api.w.org\/{rel}","templated":true}]}}