{"id":4801,"date":"2012-03-18T00:29:09","date_gmt":"2012-03-18T00:29:09","guid":{"rendered":"http:\/\/staging.ibermusicas.org\/?p=4801"},"modified":"2021-03-18T00:32:34","modified_gmt":"2021-03-18T00:32:34","slug":"finalizo-la-iv-reunion-comite-intergubernamental-ibermusicas","status":"publish","type":"post","link":"http:\/\/staging.ibermusicas.org\/index.php\/finalizo-la-iv-reunion-comite-intergubernamental-ibermusicas\/","title":{"rendered":"Finaliz\u00f3 la IV Reuni\u00f3n Comit\u00e9 Intergubernamental Iberm\u00fasicas"},"content":{"rendered":"<p><img loading=\"lazy\" decoding=\"async\" src=\"http:\/\/staging.ibermusicas.org\/wp-content\/uploads\/2012\/03\/foto_face-1.jpg\" alt=\"\" width=\"717\" height=\"960\" class=\"alignnone size-full wp-image-4805\" \/><\/p>\n<p>Los d\u00edas 21 y 22 de febrero, se llev\u00f3 a cabo en la Ciudad de Cali, Colombia, la IV Reuni\u00f3n del Comit\u00e9 Intergubernamental del Programa de Fomento de las M\u00fasicas Iberoamericanas IBERM\u00daSICAS. La misma fue organizada por el Ministerio de Cultura de Colombia con el apoyo de la Secretar\u00eda General Iberoamericana (SEGIB).<\/p>\n","protected":false},"excerpt":{"rendered":"<p>Los d\u00edas 21 y 22 de febrero, se llev\u00f3 a cabo en la Ciudad de Cali, Colombia, la IV Reuni\u00f3n del Comit\u00e9 Intergubernamental del Programa de Fomento de las M\u00fasicas Iberoamericanas IBERM\u00daSICAS. La misma fue organizada por el Ministerio de Cultura de Colombia con el apoyo de la Secretar\u00eda General Iberoamericana (SEGIB).<\/p>\n","protected":false},"author":1,"featured_media":0,"comment_status":"closed","ping_status":"closed","sticky":false,"template":"","format":"standard","meta":{"footnotes":""},"categories":[53],"tags":[],"class_list":["post-4801","post","type-post","status-publish","format-standard","hentry","category-noticias-generales"],"lang":"es","translations":{"es":4801},"pll_sync_post":[],"post_mailing_queue_ids":[],"_links":{"self":[{"href":"http:\/\/staging.ibermusicas.org\/index.php\/wp-json\/wp\/v2\/posts\/4801","targetHints":{"allow":["GET"]}}],"collection":[{"href":"http:\/\/staging.ibermusicas.org\/index.php\/wp-json\/wp\/v2\/posts"}],"about":[{"href":"http:\/\/staging.ibermusicas.org\/index.php\/wp-json\/wp\/v2\/types\/post"}],"author":[{"embeddable":true,"href":"http:\/\/staging.ibermusicas.org\/index.php\/wp-json\/wp\/v2\/users\/1"}],"replies":[{"embeddable":true,"href":"http:\/\/staging.ibermusicas.org\/index.php\/wp-json\/wp\/v2\/comments?post=4801"}],"version-history":[{"count":2,"href":"http:\/\/staging.ibermusicas.org\/index.php\/wp-json\/wp\/v2\/posts\/4801\/revisions"}],"predecessor-version":[{"id":4806,"href":"http:\/\/staging.ibermusicas.org\/index.php\/wp-json\/wp\/v2\/posts\/4801\/revisions\/4806"}],"wp:attachment":[{"href":"http:\/\/staging.ibermusicas.org\/index.php\/wp-json\/wp\/v2\/media?parent=4801"}],"wp:term":[{"taxonomy":"category","embeddable":true,"href":"http:\/\/staging.ibermusicas.org\/index.php\/wp-json\/wp\/v2\/categories?post=4801"},{"taxonomy":"post_tag","embeddable":true,"href":"http:\/\/staging.ibermusicas.org\/index.php\/wp-json\/wp\/v2\/tags?post=4801"}],"curies":[{"name":"wp","href":"https:\/\/api.w.org\/{rel}","templated":true}]}}