{"id":4810,"date":"2012-10-18T00:35:07","date_gmt":"2012-10-18T00:35:07","guid":{"rendered":"http:\/\/staging.ibermusicas.org\/?p=4810"},"modified":"2021-03-18T21:35:19","modified_gmt":"2021-03-18T21:35:19","slug":"cultura-cumbia","status":"publish","type":"post","link":"http:\/\/staging.ibermusicas.org\/index.php\/cultura-cumbia\/","title":{"rendered":"CULTURA CUMBIA"},"content":{"rendered":"<p>Este proyecto fue premiado con la ayuda Iberm\u00fasicas. Se trata de un ciclo de actividades y eventos que durante el 2013 explorar\u00e1 y compartir\u00e1 pr\u00e1cticas y significados de la cumbia a trav\u00e9s de muestras y talleres de producci\u00f3n musical, afiches, baile, proyecciones, conciertos, comidas, presentaciones de libros y charlas, entre otros formatos que impulsan el encuentro, el di\u00e1logo y la celebraci\u00f3n.<\/p>\n","protected":false},"excerpt":{"rendered":"<p>Este proyecto fue premiado con la ayuda Iberm\u00fasicas. Se trata de un ciclo de actividades y eventos que durante el 2013 explorar\u00e1 y compartir\u00e1 pr\u00e1cticas y significados de la cumbia a trav\u00e9s de muestras y talleres de producci\u00f3n musical, afiches, baile, proyecciones, conciertos, comidas, presentaciones de libros y charlas, entre otros formatos que impulsan el [&hellip;]<\/p>\n","protected":false},"author":1,"featured_media":4811,"comment_status":"closed","ping_status":"closed","sticky":false,"template":"","format":"standard","meta":{"footnotes":""},"categories":[53],"tags":[],"class_list":["post-4810","post","type-post","status-publish","format-standard","has-post-thumbnail","hentry","category-noticias-generales"],"lang":"es","translations":{"es":4810},"pll_sync_post":[],"post_mailing_queue_ids":[],"_links":{"self":[{"href":"http:\/\/staging.ibermusicas.org\/index.php\/wp-json\/wp\/v2\/posts\/4810","targetHints":{"allow":["GET"]}}],"collection":[{"href":"http:\/\/staging.ibermusicas.org\/index.php\/wp-json\/wp\/v2\/posts"}],"about":[{"href":"http:\/\/staging.ibermusicas.org\/index.php\/wp-json\/wp\/v2\/types\/post"}],"author":[{"embeddable":true,"href":"http:\/\/staging.ibermusicas.org\/index.php\/wp-json\/wp\/v2\/users\/1"}],"replies":[{"embeddable":true,"href":"http:\/\/staging.ibermusicas.org\/index.php\/wp-json\/wp\/v2\/comments?post=4810"}],"version-history":[{"count":2,"href":"http:\/\/staging.ibermusicas.org\/index.php\/wp-json\/wp\/v2\/posts\/4810\/revisions"}],"predecessor-version":[{"id":4915,"href":"http:\/\/staging.ibermusicas.org\/index.php\/wp-json\/wp\/v2\/posts\/4810\/revisions\/4915"}],"wp:featuredmedia":[{"embeddable":true,"href":"http:\/\/staging.ibermusicas.org\/index.php\/wp-json\/wp\/v2\/media\/4811"}],"wp:attachment":[{"href":"http:\/\/staging.ibermusicas.org\/index.php\/wp-json\/wp\/v2\/media?parent=4810"}],"wp:term":[{"taxonomy":"category","embeddable":true,"href":"http:\/\/staging.ibermusicas.org\/index.php\/wp-json\/wp\/v2\/categories?post=4810"},{"taxonomy":"post_tag","embeddable":true,"href":"http:\/\/staging.ibermusicas.org\/index.php\/wp-json\/wp\/v2\/tags?post=4810"}],"curies":[{"name":"wp","href":"https:\/\/api.w.org\/{rel}","templated":true}]}}