{"id":4813,"date":"2012-11-18T00:36:08","date_gmt":"2012-11-18T00:36:08","guid":{"rendered":"http:\/\/staging.ibermusicas.org\/?p=4813"},"modified":"2021-03-18T21:37:05","modified_gmt":"2021-03-18T21:37:05","slug":"casas-fora-do-eixo-abrem-espaco-para-vivencias-da-musica-iberoamericana-chamadas-abertas","status":"publish","type":"post","link":"http:\/\/staging.ibermusicas.org\/index.php\/casas-fora-do-eixo-abrem-espaco-para-vivencias-da-musica-iberoamericana-chamadas-abertas\/","title":{"rendered":"Casas Fora do Eixo abrem espa\u00e7o para viv\u00eancias da m\u00fasica iberoamericana &#8211; Chamadas abertas"},"content":{"rendered":"<p>Em viv\u00eancia nas Casas Fora do Eixo, artistas e grupos ter\u00e3o espa\u00e7o para trocas criativas com m\u00fasicos da cidade e experi\u00eancias com tecnologias de gest\u00e3o da rede Fora do Eixo. O projeto ser\u00e1 realizado em parceria com o Programa de Fomento das M\u00fasicas Ibero-americanas, o IBERM\u00daSICAS.<\/p>\n","protected":false},"excerpt":{"rendered":"<p>Em viv\u00eancia nas Casas Fora do Eixo, artistas e grupos ter\u00e3o espa\u00e7o para trocas criativas com m\u00fasicos da cidade e experi\u00eancias com tecnologias de gest\u00e3o da rede Fora do Eixo. O projeto ser\u00e1 realizado em parceria com o Programa de Fomento das M\u00fasicas Ibero-americanas, o IBERM\u00daSICAS.<\/p>\n","protected":false},"author":1,"featured_media":4917,"comment_status":"closed","ping_status":"closed","sticky":false,"template":"","format":"standard","meta":{"footnotes":""},"categories":[53],"tags":[],"class_list":["post-4813","post","type-post","status-publish","format-standard","has-post-thumbnail","hentry","category-noticias-generales"],"lang":"es","translations":{"es":4813},"pll_sync_post":[],"post_mailing_queue_ids":[],"_links":{"self":[{"href":"http:\/\/staging.ibermusicas.org\/index.php\/wp-json\/wp\/v2\/posts\/4813","targetHints":{"allow":["GET"]}}],"collection":[{"href":"http:\/\/staging.ibermusicas.org\/index.php\/wp-json\/wp\/v2\/posts"}],"about":[{"href":"http:\/\/staging.ibermusicas.org\/index.php\/wp-json\/wp\/v2\/types\/post"}],"author":[{"embeddable":true,"href":"http:\/\/staging.ibermusicas.org\/index.php\/wp-json\/wp\/v2\/users\/1"}],"replies":[{"embeddable":true,"href":"http:\/\/staging.ibermusicas.org\/index.php\/wp-json\/wp\/v2\/comments?post=4813"}],"version-history":[{"count":3,"href":"http:\/\/staging.ibermusicas.org\/index.php\/wp-json\/wp\/v2\/posts\/4813\/revisions"}],"predecessor-version":[{"id":4918,"href":"http:\/\/staging.ibermusicas.org\/index.php\/wp-json\/wp\/v2\/posts\/4813\/revisions\/4918"}],"wp:featuredmedia":[{"embeddable":true,"href":"http:\/\/staging.ibermusicas.org\/index.php\/wp-json\/wp\/v2\/media\/4917"}],"wp:attachment":[{"href":"http:\/\/staging.ibermusicas.org\/index.php\/wp-json\/wp\/v2\/media?parent=4813"}],"wp:term":[{"taxonomy":"category","embeddable":true,"href":"http:\/\/staging.ibermusicas.org\/index.php\/wp-json\/wp\/v2\/categories?post=4813"},{"taxonomy":"post_tag","embeddable":true,"href":"http:\/\/staging.ibermusicas.org\/index.php\/wp-json\/wp\/v2\/tags?post=4813"}],"curies":[{"name":"wp","href":"https:\/\/api.w.org\/{rel}","templated":true}]}}