{"id":4816,"date":"2013-01-18T00:37:33","date_gmt":"2013-01-18T00:37:33","guid":{"rendered":"http:\/\/staging.ibermusicas.org\/?p=4816"},"modified":"2021-03-18T23:12:50","modified_gmt":"2021-03-18T23:12:50","slug":"o-caipira-e-a-america-sera-o-tema-do-festival-entreculturas-2013","status":"publish","type":"post","link":"http:\/\/staging.ibermusicas.org\/index.php\/o-caipira-e-a-america-sera-o-tema-do-festival-entreculturas-2013\/","title":{"rendered":"O Caipira e a Am\u00e9rica ser\u00e1 o tema do Festival EntreCulturas 2013"},"content":{"rendered":"<p>O I Festival EntreCulturas \u00e9 patrocinado pelo Programa de Fomento das M\u00fasicas Ibero-americans &#8211; IBERM\u00daSICAS, da C\u00fapula Ibero-Americana de Chefes de Estado e de Governo.<\/p>\n","protected":false},"excerpt":{"rendered":"<p>O I Festival EntreCulturas \u00e9 patrocinado pelo Programa de Fomento das M\u00fasicas Ibero-americans &#8211; IBERM\u00daSICAS, da C\u00fapula Ibero-Americana de Chefes de Estado e de Governo.<\/p>\n","protected":false},"author":1,"featured_media":4923,"comment_status":"closed","ping_status":"closed","sticky":false,"template":"","format":"standard","meta":{"footnotes":""},"categories":[53],"tags":[],"class_list":["post-4816","post","type-post","status-publish","format-standard","has-post-thumbnail","hentry","category-noticias-generales"],"lang":"es","translations":{"es":4816},"pll_sync_post":[],"post_mailing_queue_ids":[],"_links":{"self":[{"href":"http:\/\/staging.ibermusicas.org\/index.php\/wp-json\/wp\/v2\/posts\/4816","targetHints":{"allow":["GET"]}}],"collection":[{"href":"http:\/\/staging.ibermusicas.org\/index.php\/wp-json\/wp\/v2\/posts"}],"about":[{"href":"http:\/\/staging.ibermusicas.org\/index.php\/wp-json\/wp\/v2\/types\/post"}],"author":[{"embeddable":true,"href":"http:\/\/staging.ibermusicas.org\/index.php\/wp-json\/wp\/v2\/users\/1"}],"replies":[{"embeddable":true,"href":"http:\/\/staging.ibermusicas.org\/index.php\/wp-json\/wp\/v2\/comments?post=4816"}],"version-history":[{"count":2,"href":"http:\/\/staging.ibermusicas.org\/index.php\/wp-json\/wp\/v2\/posts\/4816\/revisions"}],"predecessor-version":[{"id":4924,"href":"http:\/\/staging.ibermusicas.org\/index.php\/wp-json\/wp\/v2\/posts\/4816\/revisions\/4924"}],"wp:featuredmedia":[{"embeddable":true,"href":"http:\/\/staging.ibermusicas.org\/index.php\/wp-json\/wp\/v2\/media\/4923"}],"wp:attachment":[{"href":"http:\/\/staging.ibermusicas.org\/index.php\/wp-json\/wp\/v2\/media?parent=4816"}],"wp:term":[{"taxonomy":"category","embeddable":true,"href":"http:\/\/staging.ibermusicas.org\/index.php\/wp-json\/wp\/v2\/categories?post=4816"},{"taxonomy":"post_tag","embeddable":true,"href":"http:\/\/staging.ibermusicas.org\/index.php\/wp-json\/wp\/v2\/tags?post=4816"}],"curies":[{"name":"wp","href":"https:\/\/api.w.org\/{rel}","templated":true}]}}