{"id":4822,"date":"2013-03-18T00:39:52","date_gmt":"2013-03-18T00:39:52","guid":{"rendered":"http:\/\/staging.ibermusicas.org\/?p=4822"},"modified":"2021-03-18T23:21:04","modified_gmt":"2021-03-18T23:21:04","slug":"vi-festival-internacional-del-cajon-peruano","status":"publish","type":"post","link":"http:\/\/staging.ibermusicas.org\/index.php\/vi-festival-internacional-del-cajon-peruano\/","title":{"rendered":"VI FESTIVAL INTERNACIONAL DEL CAJ\u00d3N PERUANO"},"content":{"rendered":"<p>Este proyecto fue premiado con la ayuda Iberm\u00fasicas. Un Festival de Percusi\u00f3n que tiene al Caj\u00f3n Peruano -instrumento de percusi\u00f3n de origen afroperuano- como anfitri\u00f3n. Conciertos, conferencias, muestra de videos, cl\u00ednicas musicales y clases maestras que tienen a la percusi\u00f3n como protagonista. <\/p>\n","protected":false},"excerpt":{"rendered":"<p>Este proyecto fue premiado con la ayuda Iberm\u00fasicas. Un Festival de Percusi\u00f3n que tiene al Caj\u00f3n Peruano -instrumento de percusi\u00f3n de origen afroperuano- como anfitri\u00f3n. Conciertos, conferencias, muestra de videos, cl\u00ednicas musicales y clases maestras que tienen a la percusi\u00f3n como protagonista.<\/p>\n","protected":false},"author":1,"featured_media":4926,"comment_status":"closed","ping_status":"closed","sticky":false,"template":"","format":"standard","meta":{"footnotes":""},"categories":[53],"tags":[],"class_list":["post-4822","post","type-post","status-publish","format-standard","has-post-thumbnail","hentry","category-noticias-generales"],"lang":"es","translations":{"es":4822},"pll_sync_post":[],"post_mailing_queue_ids":[],"_links":{"self":[{"href":"http:\/\/staging.ibermusicas.org\/index.php\/wp-json\/wp\/v2\/posts\/4822","targetHints":{"allow":["GET"]}}],"collection":[{"href":"http:\/\/staging.ibermusicas.org\/index.php\/wp-json\/wp\/v2\/posts"}],"about":[{"href":"http:\/\/staging.ibermusicas.org\/index.php\/wp-json\/wp\/v2\/types\/post"}],"author":[{"embeddable":true,"href":"http:\/\/staging.ibermusicas.org\/index.php\/wp-json\/wp\/v2\/users\/1"}],"replies":[{"embeddable":true,"href":"http:\/\/staging.ibermusicas.org\/index.php\/wp-json\/wp\/v2\/comments?post=4822"}],"version-history":[{"count":2,"href":"http:\/\/staging.ibermusicas.org\/index.php\/wp-json\/wp\/v2\/posts\/4822\/revisions"}],"predecessor-version":[{"id":4927,"href":"http:\/\/staging.ibermusicas.org\/index.php\/wp-json\/wp\/v2\/posts\/4822\/revisions\/4927"}],"wp:featuredmedia":[{"embeddable":true,"href":"http:\/\/staging.ibermusicas.org\/index.php\/wp-json\/wp\/v2\/media\/4926"}],"wp:attachment":[{"href":"http:\/\/staging.ibermusicas.org\/index.php\/wp-json\/wp\/v2\/media?parent=4822"}],"wp:term":[{"taxonomy":"category","embeddable":true,"href":"http:\/\/staging.ibermusicas.org\/index.php\/wp-json\/wp\/v2\/categories?post=4822"},{"taxonomy":"post_tag","embeddable":true,"href":"http:\/\/staging.ibermusicas.org\/index.php\/wp-json\/wp\/v2\/tags?post=4822"}],"curies":[{"name":"wp","href":"https:\/\/api.w.org\/{rel}","templated":true}]}}