{"id":4831,"date":"2013-07-18T00:44:14","date_gmt":"2013-07-18T00:44:14","guid":{"rendered":"http:\/\/staging.ibermusicas.org\/?p=4831"},"modified":"2021-03-18T23:31:09","modified_gmt":"2021-03-18T23:31:09","slug":"vi-festival-internacional-del-cajon-peruano-concierto-de-gala","status":"publish","type":"post","link":"http:\/\/staging.ibermusicas.org\/index.php\/vi-festival-internacional-del-cajon-peruano-concierto-de-gala\/","title":{"rendered":"VI FESTIVAL INTERNACIONAL DEL CAJ\u00d3N PERUANO &#8211; CONCIERTO DE GALA"},"content":{"rendered":"<p>El Festival Internacional del Caj\u00f3n Peruano es un festival de percusi\u00f3n que tiene al caj\u00f3n peruano \u2013 instrumento de percusi\u00f3n de origen afro-peruano \u2013 como anfitri\u00f3n. <\/p>\n","protected":false},"excerpt":{"rendered":"<p>El Festival Internacional del Caj\u00f3n Peruano es un festival de percusi\u00f3n que tiene al caj\u00f3n peruano \u2013 instrumento de percusi\u00f3n de origen afro-peruano \u2013 como anfitri\u00f3n.<\/p>\n","protected":false},"author":1,"featured_media":4932,"comment_status":"closed","ping_status":"closed","sticky":false,"template":"","format":"standard","meta":{"footnotes":""},"categories":[53],"tags":[],"class_list":["post-4831","post","type-post","status-publish","format-standard","has-post-thumbnail","hentry","category-noticias-generales"],"lang":"es","translations":{"es":4831},"pll_sync_post":[],"post_mailing_queue_ids":[],"_links":{"self":[{"href":"http:\/\/staging.ibermusicas.org\/index.php\/wp-json\/wp\/v2\/posts\/4831","targetHints":{"allow":["GET"]}}],"collection":[{"href":"http:\/\/staging.ibermusicas.org\/index.php\/wp-json\/wp\/v2\/posts"}],"about":[{"href":"http:\/\/staging.ibermusicas.org\/index.php\/wp-json\/wp\/v2\/types\/post"}],"author":[{"embeddable":true,"href":"http:\/\/staging.ibermusicas.org\/index.php\/wp-json\/wp\/v2\/users\/1"}],"replies":[{"embeddable":true,"href":"http:\/\/staging.ibermusicas.org\/index.php\/wp-json\/wp\/v2\/comments?post=4831"}],"version-history":[{"count":2,"href":"http:\/\/staging.ibermusicas.org\/index.php\/wp-json\/wp\/v2\/posts\/4831\/revisions"}],"predecessor-version":[{"id":4934,"href":"http:\/\/staging.ibermusicas.org\/index.php\/wp-json\/wp\/v2\/posts\/4831\/revisions\/4934"}],"wp:featuredmedia":[{"embeddable":true,"href":"http:\/\/staging.ibermusicas.org\/index.php\/wp-json\/wp\/v2\/media\/4932"}],"wp:attachment":[{"href":"http:\/\/staging.ibermusicas.org\/index.php\/wp-json\/wp\/v2\/media?parent=4831"}],"wp:term":[{"taxonomy":"category","embeddable":true,"href":"http:\/\/staging.ibermusicas.org\/index.php\/wp-json\/wp\/v2\/categories?post=4831"},{"taxonomy":"post_tag","embeddable":true,"href":"http:\/\/staging.ibermusicas.org\/index.php\/wp-json\/wp\/v2\/tags?post=4831"}],"curies":[{"name":"wp","href":"https:\/\/api.w.org\/{rel}","templated":true}]}}