{"id":4834,"date":"2013-10-18T00:45:33","date_gmt":"2013-10-18T00:45:33","guid":{"rendered":"http:\/\/staging.ibermusicas.org\/?p=4834"},"modified":"2021-03-18T23:32:45","modified_gmt":"2021-03-18T23:32:45","slug":"fortalecimiento-para-el-desarrollo-artistico-en-iberoamerica-del-centro-mexicano-para-la-musica-y-las-artes-sonoras","status":"publish","type":"post","link":"http:\/\/staging.ibermusicas.org\/index.php\/fortalecimiento-para-el-desarrollo-artistico-en-iberoamerica-del-centro-mexicano-para-la-musica-y-las-artes-sonoras\/","title":{"rendered":"Fortalecimiento para el Desarrollo Art\u00edstico en Iberoam\u00e9rica del Centro Mexicano para la M\u00fasica y las Artes Sonoras"},"content":{"rendered":"<p>Festival Internacional de M\u00fasica y Nuevas Tecnolog\u00edas: Visiones Sonoras 2013, del 22 al 26 de Octubre, Unidad de Vinculaci\u00f3n de la Universidad Nacional Aut\u00f3noma de M\u00e9xico, Campus Morelia. <\/p>\n","protected":false},"excerpt":{"rendered":"<p>Festival Internacional de M\u00fasica y Nuevas Tecnolog\u00edas: Visiones Sonoras 2013, del 22 al 26 de Octubre, Unidad de Vinculaci\u00f3n de la Universidad Nacional Aut\u00f3noma de M\u00e9xico, Campus Morelia.<\/p>\n","protected":false},"author":1,"featured_media":4936,"comment_status":"closed","ping_status":"closed","sticky":false,"template":"","format":"standard","meta":{"footnotes":""},"categories":[53],"tags":[],"class_list":["post-4834","post","type-post","status-publish","format-standard","has-post-thumbnail","hentry","category-noticias-generales"],"lang":"es","translations":{"es":4834},"pll_sync_post":[],"post_mailing_queue_ids":[],"_links":{"self":[{"href":"http:\/\/staging.ibermusicas.org\/index.php\/wp-json\/wp\/v2\/posts\/4834","targetHints":{"allow":["GET"]}}],"collection":[{"href":"http:\/\/staging.ibermusicas.org\/index.php\/wp-json\/wp\/v2\/posts"}],"about":[{"href":"http:\/\/staging.ibermusicas.org\/index.php\/wp-json\/wp\/v2\/types\/post"}],"author":[{"embeddable":true,"href":"http:\/\/staging.ibermusicas.org\/index.php\/wp-json\/wp\/v2\/users\/1"}],"replies":[{"embeddable":true,"href":"http:\/\/staging.ibermusicas.org\/index.php\/wp-json\/wp\/v2\/comments?post=4834"}],"version-history":[{"count":3,"href":"http:\/\/staging.ibermusicas.org\/index.php\/wp-json\/wp\/v2\/posts\/4834\/revisions"}],"predecessor-version":[{"id":4937,"href":"http:\/\/staging.ibermusicas.org\/index.php\/wp-json\/wp\/v2\/posts\/4834\/revisions\/4937"}],"wp:featuredmedia":[{"embeddable":true,"href":"http:\/\/staging.ibermusicas.org\/index.php\/wp-json\/wp\/v2\/media\/4936"}],"wp:attachment":[{"href":"http:\/\/staging.ibermusicas.org\/index.php\/wp-json\/wp\/v2\/media?parent=4834"}],"wp:term":[{"taxonomy":"category","embeddable":true,"href":"http:\/\/staging.ibermusicas.org\/index.php\/wp-json\/wp\/v2\/categories?post=4834"},{"taxonomy":"post_tag","embeddable":true,"href":"http:\/\/staging.ibermusicas.org\/index.php\/wp-json\/wp\/v2\/tags?post=4834"}],"curies":[{"name":"wp","href":"https:\/\/api.w.org\/{rel}","templated":true}]}}