{"id":4840,"date":"2013-06-18T00:49:27","date_gmt":"2013-06-18T00:49:27","guid":{"rendered":"http:\/\/staging.ibermusicas.org\/?p=4840"},"modified":"2021-03-19T01:16:26","modified_gmt":"2021-03-19T01:16:26","slug":"manuel-rocha-iturbide-la-rama-del-tamarindo-sonidos-de-la-ribera","status":"publish","type":"post","link":"http:\/\/staging.ibermusicas.org\/index.php\/manuel-rocha-iturbide-la-rama-del-tamarindo-sonidos-de-la-ribera\/","title":{"rendered":"Manuel Rocha Iturbide &#8211; La Rama del Tamarindo \u00abSonidos de la Ribera\u00bb"},"content":{"rendered":"<p>Esta obra sonora est\u00e1 basada en la visita de cinco d\u00edas que hice a la costa del atl\u00e1ntico de Colombia con el apoyo de la beca IBERMUSICAS y la Fundaci\u00f3n C\u00edrculo Abierto, para participar en el proyecto \u201cSonidos de la Ribera\u201d. <\/p>\n","protected":false},"excerpt":{"rendered":"<p>Esta obra sonora est\u00e1 basada en la visita de cinco d\u00edas que hice a la costa del atl\u00e1ntico de Colombia con el apoyo de la beca IBERMUSICAS y la Fundaci\u00f3n C\u00edrculo Abierto, para participar en el proyecto \u201cSonidos de la Ribera\u201d.<\/p>\n","protected":false},"author":1,"featured_media":5006,"comment_status":"closed","ping_status":"closed","sticky":false,"template":"","format":"standard","meta":{"footnotes":""},"categories":[53],"tags":[],"class_list":["post-4840","post","type-post","status-publish","format-standard","has-post-thumbnail","hentry","category-noticias-generales"],"lang":"es","translations":{"es":4840},"pll_sync_post":[],"post_mailing_queue_ids":[],"_links":{"self":[{"href":"http:\/\/staging.ibermusicas.org\/index.php\/wp-json\/wp\/v2\/posts\/4840","targetHints":{"allow":["GET"]}}],"collection":[{"href":"http:\/\/staging.ibermusicas.org\/index.php\/wp-json\/wp\/v2\/posts"}],"about":[{"href":"http:\/\/staging.ibermusicas.org\/index.php\/wp-json\/wp\/v2\/types\/post"}],"author":[{"embeddable":true,"href":"http:\/\/staging.ibermusicas.org\/index.php\/wp-json\/wp\/v2\/users\/1"}],"replies":[{"embeddable":true,"href":"http:\/\/staging.ibermusicas.org\/index.php\/wp-json\/wp\/v2\/comments?post=4840"}],"version-history":[{"count":3,"href":"http:\/\/staging.ibermusicas.org\/index.php\/wp-json\/wp\/v2\/posts\/4840\/revisions"}],"predecessor-version":[{"id":5007,"href":"http:\/\/staging.ibermusicas.org\/index.php\/wp-json\/wp\/v2\/posts\/4840\/revisions\/5007"}],"wp:featuredmedia":[{"embeddable":true,"href":"http:\/\/staging.ibermusicas.org\/index.php\/wp-json\/wp\/v2\/media\/5006"}],"wp:attachment":[{"href":"http:\/\/staging.ibermusicas.org\/index.php\/wp-json\/wp\/v2\/media?parent=4840"}],"wp:term":[{"taxonomy":"category","embeddable":true,"href":"http:\/\/staging.ibermusicas.org\/index.php\/wp-json\/wp\/v2\/categories?post=4840"},{"taxonomy":"post_tag","embeddable":true,"href":"http:\/\/staging.ibermusicas.org\/index.php\/wp-json\/wp\/v2\/tags?post=4840"}],"curies":[{"name":"wp","href":"https:\/\/api.w.org\/{rel}","templated":true}]}}