{"id":4846,"date":"2013-09-18T00:51:46","date_gmt":"2013-09-18T00:51:46","guid":{"rendered":"http:\/\/staging.ibermusicas.org\/?p=4846"},"modified":"2021-03-18T23:39:54","modified_gmt":"2021-03-18T23:39:54","slug":"el-grupo-luz-de-riada-se-presentara-en-chile","status":"publish","type":"post","link":"http:\/\/staging.ibermusicas.org\/index.php\/el-grupo-luz-de-riada-se-presentara-en-chile\/","title":{"rendered":"EL GRUPO LUZ DE RIADA SE PRESENTAR\u00c1 EN CHILE"},"content":{"rendered":"<p>El conjunto mexicano  llega  Valpara\u00edso, Chile  para presentarse en la Sala Music\u00e1mara.<\/p>\n","protected":false},"excerpt":{"rendered":"<p>El conjunto mexicano llega Valpara\u00edso, Chile para presentarse en la Sala Music\u00e1mara.<\/p>\n","protected":false},"author":1,"featured_media":4943,"comment_status":"closed","ping_status":"closed","sticky":false,"template":"","format":"standard","meta":{"footnotes":""},"categories":[53],"tags":[],"class_list":["post-4846","post","type-post","status-publish","format-standard","has-post-thumbnail","hentry","category-noticias-generales"],"lang":"es","translations":{"es":4846},"pll_sync_post":[],"post_mailing_queue_ids":[],"_links":{"self":[{"href":"http:\/\/staging.ibermusicas.org\/index.php\/wp-json\/wp\/v2\/posts\/4846","targetHints":{"allow":["GET"]}}],"collection":[{"href":"http:\/\/staging.ibermusicas.org\/index.php\/wp-json\/wp\/v2\/posts"}],"about":[{"href":"http:\/\/staging.ibermusicas.org\/index.php\/wp-json\/wp\/v2\/types\/post"}],"author":[{"embeddable":true,"href":"http:\/\/staging.ibermusicas.org\/index.php\/wp-json\/wp\/v2\/users\/1"}],"replies":[{"embeddable":true,"href":"http:\/\/staging.ibermusicas.org\/index.php\/wp-json\/wp\/v2\/comments?post=4846"}],"version-history":[{"count":2,"href":"http:\/\/staging.ibermusicas.org\/index.php\/wp-json\/wp\/v2\/posts\/4846\/revisions"}],"predecessor-version":[{"id":4944,"href":"http:\/\/staging.ibermusicas.org\/index.php\/wp-json\/wp\/v2\/posts\/4846\/revisions\/4944"}],"wp:featuredmedia":[{"embeddable":true,"href":"http:\/\/staging.ibermusicas.org\/index.php\/wp-json\/wp\/v2\/media\/4943"}],"wp:attachment":[{"href":"http:\/\/staging.ibermusicas.org\/index.php\/wp-json\/wp\/v2\/media?parent=4846"}],"wp:term":[{"taxonomy":"category","embeddable":true,"href":"http:\/\/staging.ibermusicas.org\/index.php\/wp-json\/wp\/v2\/categories?post=4846"},{"taxonomy":"post_tag","embeddable":true,"href":"http:\/\/staging.ibermusicas.org\/index.php\/wp-json\/wp\/v2\/tags?post=4846"}],"curies":[{"name":"wp","href":"https:\/\/api.w.org\/{rel}","templated":true}]}}