{"id":4849,"date":"2013-11-18T00:52:48","date_gmt":"2013-11-18T00:52:48","guid":{"rendered":"http:\/\/staging.ibermusicas.org\/?p=4849"},"modified":"2021-03-18T23:41:24","modified_gmt":"2021-03-18T23:41:24","slug":"conclusao-e-video-o-v-festival-de-violao-da-ufrgs","status":"publish","type":"post","link":"http:\/\/staging.ibermusicas.org\/index.php\/conclusao-e-video-o-v-festival-de-violao-da-ufrgs\/","title":{"rendered":"CONCLUS\u00c3O E VIDEO O V Festival de Viol\u00e3o da UFRGS"},"content":{"rendered":"<p>Gracias al apoyo de Iberm\u00fasicas, el V Festival de Viol\u00e3o da UFRGS fue uno de los m\u00e1s grandes eventos dedicados a la guitarra ya hecho en Brasil. Asistieron al festival m\u00e1s de 70 alumnos de todas partes de Brasil, Uruguay, Argentina y Colombia.<\/p>\n","protected":false},"excerpt":{"rendered":"<p>Gracias al apoyo de Iberm\u00fasicas, el V Festival de Viol\u00e3o da UFRGS fue uno de los m\u00e1s grandes eventos dedicados a la guitarra ya hecho en Brasil. Asistieron al festival m\u00e1s de 70 alumnos de todas partes de Brasil, Uruguay, Argentina y Colombia.<\/p>\n","protected":false},"author":1,"featured_media":4945,"comment_status":"closed","ping_status":"closed","sticky":false,"template":"","format":"standard","meta":{"footnotes":""},"categories":[53],"tags":[],"class_list":["post-4849","post","type-post","status-publish","format-standard","has-post-thumbnail","hentry","category-noticias-generales"],"lang":"es","translations":{"es":4849},"pll_sync_post":[],"post_mailing_queue_ids":[],"_links":{"self":[{"href":"http:\/\/staging.ibermusicas.org\/index.php\/wp-json\/wp\/v2\/posts\/4849","targetHints":{"allow":["GET"]}}],"collection":[{"href":"http:\/\/staging.ibermusicas.org\/index.php\/wp-json\/wp\/v2\/posts"}],"about":[{"href":"http:\/\/staging.ibermusicas.org\/index.php\/wp-json\/wp\/v2\/types\/post"}],"author":[{"embeddable":true,"href":"http:\/\/staging.ibermusicas.org\/index.php\/wp-json\/wp\/v2\/users\/1"}],"replies":[{"embeddable":true,"href":"http:\/\/staging.ibermusicas.org\/index.php\/wp-json\/wp\/v2\/comments?post=4849"}],"version-history":[{"count":2,"href":"http:\/\/staging.ibermusicas.org\/index.php\/wp-json\/wp\/v2\/posts\/4849\/revisions"}],"predecessor-version":[{"id":4946,"href":"http:\/\/staging.ibermusicas.org\/index.php\/wp-json\/wp\/v2\/posts\/4849\/revisions\/4946"}],"wp:featuredmedia":[{"embeddable":true,"href":"http:\/\/staging.ibermusicas.org\/index.php\/wp-json\/wp\/v2\/media\/4945"}],"wp:attachment":[{"href":"http:\/\/staging.ibermusicas.org\/index.php\/wp-json\/wp\/v2\/media?parent=4849"}],"wp:term":[{"taxonomy":"category","embeddable":true,"href":"http:\/\/staging.ibermusicas.org\/index.php\/wp-json\/wp\/v2\/categories?post=4849"},{"taxonomy":"post_tag","embeddable":true,"href":"http:\/\/staging.ibermusicas.org\/index.php\/wp-json\/wp\/v2\/tags?post=4849"}],"curies":[{"name":"wp","href":"https:\/\/api.w.org\/{rel}","templated":true}]}}