{"id":4852,"date":"2013-03-18T00:53:49","date_gmt":"2013-03-18T00:53:49","guid":{"rendered":"http:\/\/staging.ibermusicas.org\/?p=4852"},"modified":"2021-03-18T00:55:43","modified_gmt":"2021-03-18T00:55:43","slug":"cultura-cumbia-vol-1-bermusicas-abril-2013","status":"publish","type":"post","link":"http:\/\/staging.ibermusicas.org\/index.php\/cultura-cumbia-vol-1-bermusicas-abril-2013\/","title":{"rendered":"CULTURA CUMBIA VOL 1 &#8211; BERM\u00daSICAS ABRIL 2013"},"content":{"rendered":"<p><img loading=\"lazy\" decoding=\"async\" src=\"http:\/\/staging.ibermusicas.org\/wp-content\/uploads\/2021\/03\/logo_CULTURA_CUMBIA_PNG-1.png\" alt=\"\" width=\"592\" height=\"582\" class=\"alignnone size-full wp-image-4853\" \/><\/p>\n<p>Es un ciclo de actividades y eventos que durante el 2013 explorar\u00e1 y compartir\u00e1 pr\u00e1cticas y significados de la cumbia a trav\u00e9s de muestras y talleres de producci\u00f3n musical, afiches, baile, proyecciones, conciertos, comidas, presentaciones de libros y charlas, entre otros formatos que impulsan el encuentro, el di\u00e1logo y la celebraci\u00f3n.<\/p>\n","protected":false},"excerpt":{"rendered":"<p>Es un ciclo de actividades y eventos que durante el 2013 explorar\u00e1 y compartir\u00e1 pr\u00e1cticas y significados de la cumbia a trav\u00e9s de muestras y talleres de producci\u00f3n musical, afiches, baile, proyecciones, conciertos, comidas, presentaciones de libros y charlas, entre otros formatos que impulsan el encuentro, el di\u00e1logo y la celebraci\u00f3n.<\/p>\n","protected":false},"author":1,"featured_media":0,"comment_status":"closed","ping_status":"closed","sticky":false,"template":"","format":"standard","meta":{"footnotes":""},"categories":[53],"tags":[],"class_list":["post-4852","post","type-post","status-publish","format-standard","hentry","category-noticias-generales"],"lang":"es","translations":{"es":4852},"pll_sync_post":[],"post_mailing_queue_ids":[],"_links":{"self":[{"href":"http:\/\/staging.ibermusicas.org\/index.php\/wp-json\/wp\/v2\/posts\/4852","targetHints":{"allow":["GET"]}}],"collection":[{"href":"http:\/\/staging.ibermusicas.org\/index.php\/wp-json\/wp\/v2\/posts"}],"about":[{"href":"http:\/\/staging.ibermusicas.org\/index.php\/wp-json\/wp\/v2\/types\/post"}],"author":[{"embeddable":true,"href":"http:\/\/staging.ibermusicas.org\/index.php\/wp-json\/wp\/v2\/users\/1"}],"replies":[{"embeddable":true,"href":"http:\/\/staging.ibermusicas.org\/index.php\/wp-json\/wp\/v2\/comments?post=4852"}],"version-history":[{"count":1,"href":"http:\/\/staging.ibermusicas.org\/index.php\/wp-json\/wp\/v2\/posts\/4852\/revisions"}],"predecessor-version":[{"id":4854,"href":"http:\/\/staging.ibermusicas.org\/index.php\/wp-json\/wp\/v2\/posts\/4852\/revisions\/4854"}],"wp:attachment":[{"href":"http:\/\/staging.ibermusicas.org\/index.php\/wp-json\/wp\/v2\/media?parent=4852"}],"wp:term":[{"taxonomy":"category","embeddable":true,"href":"http:\/\/staging.ibermusicas.org\/index.php\/wp-json\/wp\/v2\/categories?post=4852"},{"taxonomy":"post_tag","embeddable":true,"href":"http:\/\/staging.ibermusicas.org\/index.php\/wp-json\/wp\/v2\/tags?post=4852"}],"curies":[{"name":"wp","href":"https:\/\/api.w.org\/{rel}","templated":true}]}}