{"id":4858,"date":"2013-04-18T00:57:36","date_gmt":"2013-04-18T00:57:36","guid":{"rendered":"http:\/\/staging.ibermusicas.org\/?p=4858"},"modified":"2021-03-19T00:43:53","modified_gmt":"2021-03-19T00:43:53","slug":"comenzo-el-seminario-de-capacitacion-del-sector-musical-conecta-gestion-redes","status":"publish","type":"post","link":"http:\/\/staging.ibermusicas.org\/index.php\/comenzo-el-seminario-de-capacitacion-del-sector-musical-conecta-gestion-redes\/","title":{"rendered":"COMENZ\u00d3 EL SEMINARIO DE CAPACITACI\u00d3N DEL SECTOR MUSICAL CONECTA: GESTI\u00d3N + REDES"},"content":{"rendered":"<p>Comenz\u00f3 en Lima, Per\u00fa el Seminario de Capacitaci\u00f3n del Sector Musical CONECTA Gesti\u00f3n+Redes, un proyecto especial organizado por el Ministerio de Cultura de Per\u00fa con el apoyo y financiaci\u00f3n de Iberm\u00fasicas.<\/p>\n","protected":false},"excerpt":{"rendered":"<p>Comenz\u00f3 en Lima, Per\u00fa el Seminario de Capacitaci\u00f3n del Sector Musical CONECTA Gesti\u00f3n+Redes, un proyecto especial organizado por el Ministerio de Cultura de Per\u00fa con el apoyo y financiaci\u00f3n de Iberm\u00fasicas.<\/p>\n","protected":false},"author":1,"featured_media":4952,"comment_status":"closed","ping_status":"closed","sticky":false,"template":"","format":"standard","meta":{"footnotes":""},"categories":[53],"tags":[],"class_list":["post-4858","post","type-post","status-publish","format-standard","has-post-thumbnail","hentry","category-noticias-generales"],"lang":"es","translations":{"es":4858},"pll_sync_post":[],"post_mailing_queue_ids":[],"_links":{"self":[{"href":"http:\/\/staging.ibermusicas.org\/index.php\/wp-json\/wp\/v2\/posts\/4858","targetHints":{"allow":["GET"]}}],"collection":[{"href":"http:\/\/staging.ibermusicas.org\/index.php\/wp-json\/wp\/v2\/posts"}],"about":[{"href":"http:\/\/staging.ibermusicas.org\/index.php\/wp-json\/wp\/v2\/types\/post"}],"author":[{"embeddable":true,"href":"http:\/\/staging.ibermusicas.org\/index.php\/wp-json\/wp\/v2\/users\/1"}],"replies":[{"embeddable":true,"href":"http:\/\/staging.ibermusicas.org\/index.php\/wp-json\/wp\/v2\/comments?post=4858"}],"version-history":[{"count":3,"href":"http:\/\/staging.ibermusicas.org\/index.php\/wp-json\/wp\/v2\/posts\/4858\/revisions"}],"predecessor-version":[{"id":4955,"href":"http:\/\/staging.ibermusicas.org\/index.php\/wp-json\/wp\/v2\/posts\/4858\/revisions\/4955"}],"wp:featuredmedia":[{"embeddable":true,"href":"http:\/\/staging.ibermusicas.org\/index.php\/wp-json\/wp\/v2\/media\/4952"}],"wp:attachment":[{"href":"http:\/\/staging.ibermusicas.org\/index.php\/wp-json\/wp\/v2\/media?parent=4858"}],"wp:term":[{"taxonomy":"category","embeddable":true,"href":"http:\/\/staging.ibermusicas.org\/index.php\/wp-json\/wp\/v2\/categories?post=4858"},{"taxonomy":"post_tag","embeddable":true,"href":"http:\/\/staging.ibermusicas.org\/index.php\/wp-json\/wp\/v2\/tags?post=4858"}],"curies":[{"name":"wp","href":"https:\/\/api.w.org\/{rel}","templated":true}]}}