{"id":4864,"date":"2013-07-18T01:00:09","date_gmt":"2013-07-18T01:00:09","guid":{"rendered":"http:\/\/staging.ibermusicas.org\/?p=4864"},"modified":"2021-03-19T00:47:23","modified_gmt":"2021-03-19T00:47:23","slug":"se-viene-el-festival-distritofonico","status":"publish","type":"post","link":"http:\/\/staging.ibermusicas.org\/index.php\/se-viene-el-festival-distritofonico\/","title":{"rendered":"SE VIENE EL FESTIVAL DISTRITOF\u00d3NICO!!!"},"content":{"rendered":"<p>Este proyecto fue premiado con la ayuda Iberm\u00fasicas. El festival Distritof\u00f3nico re\u00fane una gran cantidad de expresiones musicales que se articulan desde la diversidad.M\u00fasica de c\u00e1mara, rock, m\u00fasicas tradicionales, jazz, electr\u00f3nica y nuevos sonidos tropicales se dan cita en este evento.<\/p>\n","protected":false},"excerpt":{"rendered":"<p>Este proyecto fue premiado con la ayuda Iberm\u00fasicas. El festival Distritof\u00f3nico re\u00fane una gran cantidad de expresiones musicales que se articulan desde la diversidad.M\u00fasica de c\u00e1mara, rock, m\u00fasicas tradicionales, jazz, electr\u00f3nica y nuevos sonidos tropicales se dan cita en este evento.<\/p>\n","protected":false},"author":1,"featured_media":4957,"comment_status":"closed","ping_status":"closed","sticky":false,"template":"","format":"standard","meta":{"footnotes":""},"categories":[53],"tags":[],"class_list":["post-4864","post","type-post","status-publish","format-standard","has-post-thumbnail","hentry","category-noticias-generales"],"lang":"es","translations":{"es":4864},"pll_sync_post":[],"post_mailing_queue_ids":[],"_links":{"self":[{"href":"http:\/\/staging.ibermusicas.org\/index.php\/wp-json\/wp\/v2\/posts\/4864","targetHints":{"allow":["GET"]}}],"collection":[{"href":"http:\/\/staging.ibermusicas.org\/index.php\/wp-json\/wp\/v2\/posts"}],"about":[{"href":"http:\/\/staging.ibermusicas.org\/index.php\/wp-json\/wp\/v2\/types\/post"}],"author":[{"embeddable":true,"href":"http:\/\/staging.ibermusicas.org\/index.php\/wp-json\/wp\/v2\/users\/1"}],"replies":[{"embeddable":true,"href":"http:\/\/staging.ibermusicas.org\/index.php\/wp-json\/wp\/v2\/comments?post=4864"}],"version-history":[{"count":2,"href":"http:\/\/staging.ibermusicas.org\/index.php\/wp-json\/wp\/v2\/posts\/4864\/revisions"}],"predecessor-version":[{"id":4958,"href":"http:\/\/staging.ibermusicas.org\/index.php\/wp-json\/wp\/v2\/posts\/4864\/revisions\/4958"}],"wp:featuredmedia":[{"embeddable":true,"href":"http:\/\/staging.ibermusicas.org\/index.php\/wp-json\/wp\/v2\/media\/4957"}],"wp:attachment":[{"href":"http:\/\/staging.ibermusicas.org\/index.php\/wp-json\/wp\/v2\/media?parent=4864"}],"wp:term":[{"taxonomy":"category","embeddable":true,"href":"http:\/\/staging.ibermusicas.org\/index.php\/wp-json\/wp\/v2\/categories?post=4864"},{"taxonomy":"post_tag","embeddable":true,"href":"http:\/\/staging.ibermusicas.org\/index.php\/wp-json\/wp\/v2\/tags?post=4864"}],"curies":[{"name":"wp","href":"https:\/\/api.w.org\/{rel}","templated":true}]}}