{"id":4867,"date":"2013-06-18T01:01:14","date_gmt":"2013-06-18T01:01:14","guid":{"rendered":"http:\/\/staging.ibermusicas.org\/?p=4867"},"modified":"2021-03-19T00:49:22","modified_gmt":"2021-03-19T00:49:22","slug":"residencia-del-maestro-luciano-giambastiani","status":"publish","type":"post","link":"http:\/\/staging.ibermusicas.org\/index.php\/residencia-del-maestro-luciano-giambastiani\/","title":{"rendered":"RESIDENCIA DEL MAESTRO LUCIANO GIAMBASTIANI"},"content":{"rendered":"<p>Durante los meses de Julio y Agosto, estoy realizando la residencia de composici\u00f3n en el CMMAS, con el apoyo de IBERM\u00daSICAS, durante la cual estoy desarrollando un proyecto de obra basado en entrevistas a instrumentistas y compositores filmadas e intervenidas acusm\u00e1ticamente, que funcionar\u00e1n como una instalaci\u00f3n audiovisual donde estos videos ser\u00e1n proyectados en simult\u00e1neo en forma azarosa, creando un \u201ccontrapunto\u201d de relatos. Al mismo tiempo, para los instrumentistas compongo fragmentos instrumentales que funcionar\u00e1n en estructuras de superposici\u00f3n aleatoria generando una \u201cobra de c\u00e1mara\u201d\u2026<\/p>\n","protected":false},"excerpt":{"rendered":"<p>Durante los meses de Julio y Agosto, estoy realizando la residencia de composici\u00f3n en el CMMAS, con el apoyo de IBERM\u00daSICAS, durante la cual estoy desarrollando un proyecto de obra basado en entrevistas a instrumentistas y compositores filmadas e intervenidas acusm\u00e1ticamente, que funcionar\u00e1n como una instalaci\u00f3n audiovisual donde estos videos ser\u00e1n proyectados en simult\u00e1neo en [&hellip;]<\/p>\n","protected":false},"author":1,"featured_media":4959,"comment_status":"closed","ping_status":"closed","sticky":false,"template":"","format":"standard","meta":{"footnotes":""},"categories":[53],"tags":[],"class_list":["post-4867","post","type-post","status-publish","format-standard","has-post-thumbnail","hentry","category-noticias-generales"],"lang":"es","translations":{"es":4867},"pll_sync_post":[],"post_mailing_queue_ids":[],"_links":{"self":[{"href":"http:\/\/staging.ibermusicas.org\/index.php\/wp-json\/wp\/v2\/posts\/4867","targetHints":{"allow":["GET"]}}],"collection":[{"href":"http:\/\/staging.ibermusicas.org\/index.php\/wp-json\/wp\/v2\/posts"}],"about":[{"href":"http:\/\/staging.ibermusicas.org\/index.php\/wp-json\/wp\/v2\/types\/post"}],"author":[{"embeddable":true,"href":"http:\/\/staging.ibermusicas.org\/index.php\/wp-json\/wp\/v2\/users\/1"}],"replies":[{"embeddable":true,"href":"http:\/\/staging.ibermusicas.org\/index.php\/wp-json\/wp\/v2\/comments?post=4867"}],"version-history":[{"count":2,"href":"http:\/\/staging.ibermusicas.org\/index.php\/wp-json\/wp\/v2\/posts\/4867\/revisions"}],"predecessor-version":[{"id":4960,"href":"http:\/\/staging.ibermusicas.org\/index.php\/wp-json\/wp\/v2\/posts\/4867\/revisions\/4960"}],"wp:featuredmedia":[{"embeddable":true,"href":"http:\/\/staging.ibermusicas.org\/index.php\/wp-json\/wp\/v2\/media\/4959"}],"wp:attachment":[{"href":"http:\/\/staging.ibermusicas.org\/index.php\/wp-json\/wp\/v2\/media?parent=4867"}],"wp:term":[{"taxonomy":"category","embeddable":true,"href":"http:\/\/staging.ibermusicas.org\/index.php\/wp-json\/wp\/v2\/categories?post=4867"},{"taxonomy":"post_tag","embeddable":true,"href":"http:\/\/staging.ibermusicas.org\/index.php\/wp-json\/wp\/v2\/tags?post=4867"}],"curies":[{"name":"wp","href":"https:\/\/api.w.org\/{rel}","templated":true}]}}